{"id":894,"date":"2020-07-22T12:01:59","date_gmt":"2020-07-22T10:01:59","guid":{"rendered":"http:\/\/agora.xtec.cat\/ceefolchicamarasa\/?p=894"},"modified":"2020-07-22T17:08:09","modified_gmt":"2020-07-22T15:08:09","slug":"nou-curs-20-21","status":"publish","type":"post","link":"https:\/\/agora.xtec.cat\/ceefolchicamarasa\/general\/nou-curs-20-21\/","title":{"rendered":"PLA D&#8217;OBERTURA CURS 2020-21"},"content":{"rendered":"<p>De cara al nou curs 20-21 l&#8217;equip directiu ha elaborat un Pla d&#8217;Obertura provisional que haur\u00e0 de ser aprovat al setembre per Inspecci\u00f3 i pel Consell Escolar. Aquest pla t\u00e9 com a objectiu principal desenvolupar les mesures organitzatives, higi\u00e8niques i sanit\u00e0ries que es requereixen per vetllar pel benestar de tota la comunitat educativa de l&#8217;escola, seguint les instruccions del Departament d&#8217;Educaci\u00f3 i del PROCISCAT.<\/p>\n<p><a href=\"https:\/\/agora.xtec.cat\/ceefolchicamarasa\/wp-content\/uploads\/usu347\/2020\/07\/PO-CEE-FOLCH-I-CAMARASA-20-21.pdf\">PLA D&#8217;OBERTURA CEE FOLCH I CAMARASA 20-21<\/a><\/p>\n<p>&nbsp;<\/p>\n","protected":false},"excerpt":{"rendered":"<p>De cara al nou curs 20-21 l&#8217;equip directiu ha elaborat un Pla d&#8217;Obertura provisional que haur\u00e0 de ser aprovat al setembre per Inspecci\u00f3 i pel Consell Escolar. Aquest pla t\u00e9 com a objectiu principal desenvolupar les mesures organitzatives, higi\u00e8niques i sanit\u00e0ries que es requereixen per&hellip;  <a href=\"https:\/\/agora.xtec.cat\/ceefolchicamarasa\/general\/nou-curs-20-21\/\" title=\"Read PLA D&#8217;OBERTURA CURS 2020-21\">Llegeix m\u00e9s\u00bb<\/a><\/p>\n","protected":false},"author":1,"featured_media":0,"comment_status":"open","ping_status":"closed","sticky":false,"template":"","format":"standard","meta":{"_bbp_topic_count":0,"_bbp_reply_count":0,"_bbp_total_topic_count":0,"_bbp_total_reply_count":0,"_bbp_voice_count":0,"_bbp_anonymous_reply_count":0,"_bbp_topic_count_hidden":0,"_bbp_reply_count_hidden":0,"_bbp_forum_subforum_count":0,"footnotes":""},"categories":[60,1,4],"tags":[],"class_list":["post-894","post","type-post","status-publish","format-standard","hentry","category-articles","category-general","category-portada"],"post_mailing_queue_ids":[],"_links":{"self":[{"href":"https:\/\/agora.xtec.cat\/ceefolchicamarasa\/wp-json\/wp\/v2\/posts\/894","targetHints":{"allow":["GET"]}}],"collection":[{"href":"https:\/\/agora.xtec.cat\/ceefolchicamarasa\/wp-json\/wp\/v2\/posts"}],"about":[{"href":"https:\/\/agora.xtec.cat\/ceefolchicamarasa\/wp-json\/wp\/v2\/types\/post"}],"author":[{"embeddable":true,"href":"https:\/\/agora.xtec.cat\/ceefolchicamarasa\/wp-json\/wp\/v2\/users\/1"}],"replies":[{"embeddable":true,"href":"https:\/\/agora.xtec.cat\/ceefolchicamarasa\/wp-json\/wp\/v2\/comments?post=894"}],"version-history":[{"count":3,"href":"https:\/\/agora.xtec.cat\/ceefolchicamarasa\/wp-json\/wp\/v2\/posts\/894\/revisions"}],"predecessor-version":[{"id":904,"href":"https:\/\/agora.xtec.cat\/ceefolchicamarasa\/wp-json\/wp\/v2\/posts\/894\/revisions\/904"}],"wp:attachment":[{"href":"https:\/\/agora.xtec.cat\/ceefolchicamarasa\/wp-json\/wp\/v2\/media?parent=894"}],"wp:term":[{"taxonomy":"category","embeddable":true,"href":"https:\/\/agora.xtec.cat\/ceefolchicamarasa\/wp-json\/wp\/v2\/categories?post=894"},{"taxonomy":"post_tag","embeddable":true,"href":"https:\/\/agora.xtec.cat\/ceefolchicamarasa\/wp-json\/wp\/v2\/tags?post=894"}],"curies":[{"name":"wp","href":"https:\/\/api.w.org\/{rel}","templated":true}]}}