{"id":884,"date":"2020-06-07T20:08:57","date_gmt":"2020-06-07T18:08:57","guid":{"rendered":"http:\/\/agora.xtec.cat\/ceefolchicamarasa\/?p=884"},"modified":"2021-06-22T10:24:53","modified_gmt":"2021-06-22T08:24:53","slug":"pla-de-dobertura-del-centre-19-20","status":"publish","type":"post","link":"https:\/\/agora.xtec.cat\/ceefolchicamarasa\/general\/pla-de-dobertura-del-centre-19-20\/","title":{"rendered":"PLA D&#8217;OBERTURA DEL CENTRE 19-20"},"content":{"rendered":"<p>Amb la voluntat de poder oferir un espai on poder fer el tancament de curs amb els nostres alumnes, l&#8217;escola ha elaborat el seg\u00fcent \u00a0 \u00a0 \u00a0 \u00a0 \u00a0 \u00a0 \u00a0 <a href=\"https:\/\/agora.xtec.cat\/ceefolchicamarasa\/wp-content\/uploads\/usu347\/2020\/06\/PLA-OBERTURA-CEE-FOLCH-I-CAMARASA.pdf\">PLA OBERTURA CEE FOLCH I CAMARASA<\/a> per aquest mes de juny, una vegada la ciutat de Barcelona entri a la Fase 2 de la Desescalada.<\/p>\n<p>Seguint instruccions del Departament d&#8217;Educaci\u00f3 i del Consorci d\u2019Educaci\u00f3, l\u2019equip directiu i l\u2019equip docent, hem elaborat aquest pla per organitzar les possibles actuacions en el moment d\u2019obertura tenint en compte la singularitat de la nostra escola (alumnat, plantilla i espais). Aquest ha estat presentat en Consell Escolar i aprovat per Inspecci\u00f3.<\/p>\n<p>Aquelles fam\u00edlies que decideixin venir a l&#8217;escola hauran d&#8217;enviar o portar al centre el dia que vinguin la seg\u00fcent documentaci\u00f3:<\/p>\n<ul>\n<li>Calendari vacunal al dia.<\/li>\n<li>La <a href=\"https:\/\/agora.xtec.cat\/ceefolchicamarasa\/wp-content\/uploads\/usu347\/2020\/06\/Declaracio\u0301-responsable-fami\u0301lies.pdf\">Declaracio\u0301 responsable fami\u0301lies.<\/a><\/li>\n<\/ul>\n","protected":false},"excerpt":{"rendered":"<p>Amb la voluntat de poder oferir un espai on poder fer el tancament de curs amb els nostres alumnes, l&#8217;escola ha elaborat el seg\u00fcent \u00a0 \u00a0 \u00a0 \u00a0 \u00a0 \u00a0 \u00a0 <a href=\"https:\/\/agora.xtec.cat\/ceefolchicamarasa\/wp-content\/uploads\/usu347\/2020\/06\/PLA-OBERTURA-CEE-FOLCH-I-CAMARASA.pdf\">PLA OBERTURA CEE FOLCH I CAMARASA<\/a> per aquest mes de juny, una vegada&hellip;  <a href=\"https:\/\/agora.xtec.cat\/ceefolchicamarasa\/general\/pla-de-dobertura-del-centre-19-20\/\" title=\"Read PLA D&#8217;OBERTURA DEL CENTRE 19-20\">Llegeix m\u00e9s\u00bb<\/a><\/p>\n","protected":false},"author":1,"featured_media":0,"comment_status":"open","ping_status":"closed","sticky":false,"template":"","format":"standard","meta":{"_bbp_topic_count":0,"_bbp_reply_count":0,"_bbp_total_topic_count":0,"_bbp_total_reply_count":0,"_bbp_voice_count":0,"_bbp_anonymous_reply_count":0,"_bbp_topic_count_hidden":0,"_bbp_reply_count_hidden":0,"_bbp_forum_subforum_count":0,"footnotes":""},"categories":[60,1],"tags":[],"class_list":["post-884","post","type-post","status-publish","format-standard","hentry","category-articles","category-general"],"post_mailing_queue_ids":[],"_links":{"self":[{"href":"https:\/\/agora.xtec.cat\/ceefolchicamarasa\/wp-json\/wp\/v2\/posts\/884","targetHints":{"allow":["GET"]}}],"collection":[{"href":"https:\/\/agora.xtec.cat\/ceefolchicamarasa\/wp-json\/wp\/v2\/posts"}],"about":[{"href":"https:\/\/agora.xtec.cat\/ceefolchicamarasa\/wp-json\/wp\/v2\/types\/post"}],"author":[{"embeddable":true,"href":"https:\/\/agora.xtec.cat\/ceefolchicamarasa\/wp-json\/wp\/v2\/users\/1"}],"replies":[{"embeddable":true,"href":"https:\/\/agora.xtec.cat\/ceefolchicamarasa\/wp-json\/wp\/v2\/comments?post=884"}],"version-history":[{"count":4,"href":"https:\/\/agora.xtec.cat\/ceefolchicamarasa\/wp-json\/wp\/v2\/posts\/884\/revisions"}],"predecessor-version":[{"id":902,"href":"https:\/\/agora.xtec.cat\/ceefolchicamarasa\/wp-json\/wp\/v2\/posts\/884\/revisions\/902"}],"wp:attachment":[{"href":"https:\/\/agora.xtec.cat\/ceefolchicamarasa\/wp-json\/wp\/v2\/media?parent=884"}],"wp:term":[{"taxonomy":"category","embeddable":true,"href":"https:\/\/agora.xtec.cat\/ceefolchicamarasa\/wp-json\/wp\/v2\/categories?post=884"},{"taxonomy":"post_tag","embeddable":true,"href":"https:\/\/agora.xtec.cat\/ceefolchicamarasa\/wp-json\/wp\/v2\/tags?post=884"}],"curies":[{"name":"wp","href":"https:\/\/api.w.org\/{rel}","templated":true}]}}