{"id":855,"date":"2020-05-12T16:52:23","date_gmt":"2020-05-12T14:52:23","guid":{"rendered":"http:\/\/agora.xtec.cat\/ceefolchicamarasa\/?p=855"},"modified":"2020-06-07T19:55:55","modified_gmt":"2020-06-07T17:55:55","slug":"preinscripcions-escolar-curs-2020-21","status":"publish","type":"post","link":"https:\/\/agora.xtec.cat\/ceefolchicamarasa\/general\/preinscripcions-escolar-curs-2020-21\/","title":{"rendered":"PREINSCRIPCIONS ESCOLARS CURS 2020-2021"},"content":{"rendered":"<p>Davant de l\u2019actual estat d\u2019alarma per la crisi sanit\u00e0ria del coronavirus, el Departament d\u2019Educaci\u00f3 ha informat que la preinscripci\u00f3 es podr\u00e0 fer entre el 13 i el 22 de maig de forma telem\u00e0tica i presencial del 19 al 22 de maig. S&#8217;han habilitat dues opcions per poder-la presentar:<\/p>\n<p>1- Per via telem\u00e0tica, caldr\u00e0 descarregar el formulari de preinscripci\u00f3 en format pdf, i un cop emplenat i\u00a0 guardat, enviar-lo a l&#8217;e-mail del centre juntament amb la documentaci\u00f3 necess\u00e0ria escanejada o fotografiada.<\/p>\n<p>E-mail del centre: <strong><a href=\"mailto:a8040357@xtec.cat\">a8040357@xtec.cat<\/a><\/strong><\/p>\n<p>Clica per descarregar el document de preinscripci\u00f3: <a href=\"http:\/\/ensenyament.gencat.cat\/ca\/tramits\/tramits-temes\/20483-obligatoris?moda=1\">enlla\u00e7<\/a><\/p>\n<p>Trobareu m\u00e9s informaci\u00f3 en aquest enlla\u00e7: <a href=\"http:\/\/ensenyament.gencat.cat\/ca\/tramits\/tramits-temes\/20483_preinscripcio_escolar?moda=1\">http:\/\/ensenyament.gencat.cat\/ca\/tramits\/tramits-temes\/20483_preinscripcio_escolar?moda=1<\/a><\/p>\n<p>2- En el cas de les fam\u00edlies que no tinguin els mitjans per fer-ho per via telem\u00e0tica o per e-mail, s\u2019habilitar\u00e0 la preinscripci\u00f3 presencial entre els dies 19 i 22 de maig i nom\u00e9s amb cita pr\u00e8via, on s\u2019haur\u00e0 de portar el full de preinscripci\u00f3 omplert i fotoc\u00f2pies de la documentaci\u00f3 necess\u00e0ria. El tel\u00e8fon per demanar la cita pr\u00e8via \u00e9s el <strong>722 770 425.\u00a0<\/strong><\/p>\n<p>Si necessiteu ajuda per fer el tr\u00e0mit podeu adre\u00e7ar-vos a les &lt;<a href=\"https:\/\/agora.xtec.cat\/ceeconchaespina\/wp-content\/uploads\/usu1920\/2020\/05\/Oficines-Suport-Preinscripcio%CC%81.pdf\" target=\"_blank\" rel=\"noopener noreferrer\">Oficines de Suport a la Preinscripci\u00f3 (OME)<\/a>&gt; i us ajudaran amb la gesti\u00f3.<\/p>\n","protected":false},"excerpt":{"rendered":"<p>Davant de l\u2019actual estat d\u2019alarma per la crisi sanit\u00e0ria del coronavirus, el Departament d\u2019Educaci\u00f3 ha informat que la preinscripci\u00f3 es podr\u00e0 fer entre el 13 i el 22 de maig de forma telem\u00e0tica i presencial del 19 al 22 de maig. S&#8217;han habilitat dues opcions&hellip;  <a href=\"https:\/\/agora.xtec.cat\/ceefolchicamarasa\/general\/preinscripcions-escolar-curs-2020-21\/\" title=\"Read PREINSCRIPCIONS ESCOLARS CURS 2020-2021\">Llegeix m\u00e9s\u00bb<\/a><\/p>\n","protected":false},"author":1,"featured_media":0,"comment_status":"open","ping_status":"closed","sticky":false,"template":"","format":"standard","meta":{"_bbp_topic_count":0,"_bbp_reply_count":0,"_bbp_total_topic_count":0,"_bbp_total_reply_count":0,"_bbp_voice_count":0,"_bbp_anonymous_reply_count":0,"_bbp_topic_count_hidden":0,"_bbp_reply_count_hidden":0,"_bbp_forum_subforum_count":0,"footnotes":""},"categories":[60,1],"tags":[],"class_list":["post-855","post","type-post","status-publish","format-standard","hentry","category-articles","category-general"],"post_mailing_queue_ids":[],"_links":{"self":[{"href":"https:\/\/agora.xtec.cat\/ceefolchicamarasa\/wp-json\/wp\/v2\/posts\/855","targetHints":{"allow":["GET"]}}],"collection":[{"href":"https:\/\/agora.xtec.cat\/ceefolchicamarasa\/wp-json\/wp\/v2\/posts"}],"about":[{"href":"https:\/\/agora.xtec.cat\/ceefolchicamarasa\/wp-json\/wp\/v2\/types\/post"}],"author":[{"embeddable":true,"href":"https:\/\/agora.xtec.cat\/ceefolchicamarasa\/wp-json\/wp\/v2\/users\/1"}],"replies":[{"embeddable":true,"href":"https:\/\/agora.xtec.cat\/ceefolchicamarasa\/wp-json\/wp\/v2\/comments?post=855"}],"version-history":[{"count":4,"href":"https:\/\/agora.xtec.cat\/ceefolchicamarasa\/wp-json\/wp\/v2\/posts\/855\/revisions"}],"predecessor-version":[{"id":880,"href":"https:\/\/agora.xtec.cat\/ceefolchicamarasa\/wp-json\/wp\/v2\/posts\/855\/revisions\/880"}],"wp:attachment":[{"href":"https:\/\/agora.xtec.cat\/ceefolchicamarasa\/wp-json\/wp\/v2\/media?parent=855"}],"wp:term":[{"taxonomy":"category","embeddable":true,"href":"https:\/\/agora.xtec.cat\/ceefolchicamarasa\/wp-json\/wp\/v2\/categories?post=855"},{"taxonomy":"post_tag","embeddable":true,"href":"https:\/\/agora.xtec.cat\/ceefolchicamarasa\/wp-json\/wp\/v2\/tags?post=855"}],"curies":[{"name":"wp","href":"https:\/\/api.w.org\/{rel}","templated":true}]}}