{"id":819,"date":"2020-04-30T15:56:25","date_gmt":"2020-04-30T13:56:25","guid":{"rendered":"http:\/\/agora.xtec.cat\/ceefolchicamarasa\/?p=819"},"modified":"2020-05-19T15:17:47","modified_gmt":"2020-05-19T13:17:47","slug":"situacio-covid-19","status":"publish","type":"post","link":"https:\/\/agora.xtec.cat\/ceefolchicamarasa\/general\/situacio-covid-19\/","title":{"rendered":"SITUACI\u00d3 COVID-19"},"content":{"rendered":"<p style=\"text-align: justify;\">El Departament d\u2019Educaci\u00f3, seguint les instruccions del Departament de Salut i com a mesura excepcional per contenir el coronavirus,va prendre la decisi\u00f3 de tancar des del 13 de mar\u00e7, tots els centres educatius del pa\u00eds. Malgrat aquesta situaci\u00f3 tot l&#8217;equip est\u00e0 a disposici\u00f3 de les fam\u00edlies pel que es necessiti, ens podeu enviar comunicacions al correu electr\u00f2nic del centre: <a href=\"mailto:a8040357@xtec.cat\">a8040357@xtec.cat<\/a><\/p>\n<p style=\"text-align: justify;\">Les professionals de l&#8217;escola trobem molt a faltar a tot l\u2019alumnat i hem elaborat uns v\u00eddeos per poder sentir-nos m\u00e9s a prop.<\/p>\n<p><a href=\"https:\/\/drive.google.com\/file\/d\/13GSgn81w_OM4Ao5NpBDf-d4UAeXuQRsr\/preview\"><img loading=\"lazy\" decoding=\"async\" class=\"alignnone wp-image-837\" src=\"https:\/\/agora.xtec.cat\/ceefolchicamarasa\/wp-content\/uploads\/usu347\/2020\/05\/Video_invencibles-1024x571.png\" alt=\"\" width=\"384\" height=\"214\" srcset=\"https:\/\/agora.xtec.cat\/ceefolchicamarasa\/wp-content\/uploads\/usu347\/2020\/05\/Video_invencibles-1024x571.png 1024w, https:\/\/agora.xtec.cat\/ceefolchicamarasa\/wp-content\/uploads\/usu347\/2020\/05\/Video_invencibles-300x167.png 300w, https:\/\/agora.xtec.cat\/ceefolchicamarasa\/wp-content\/uploads\/usu347\/2020\/05\/Video_invencibles-768x429.png 768w, https:\/\/agora.xtec.cat\/ceefolchicamarasa\/wp-content\/uploads\/usu347\/2020\/05\/Video_invencibles.png 1061w\" sizes=\"auto, (max-width: 384px) 100vw, 384px\" \/><\/a><a href=\"https:\/\/drive.google.com\/file\/d\/1lrkR1AnmcHmuxLSknoYti9P-XDVk3q7F\/view\"><img loading=\"lazy\" decoding=\"async\" class=\"alignnone wp-image-846\" src=\"https:\/\/agora.xtec.cat\/ceefolchicamarasa\/wp-content\/uploads\/usu347\/2020\/04\/SANT-JORDI-1024x543.png\" alt=\"\" width=\"391\" height=\"207\" srcset=\"https:\/\/agora.xtec.cat\/ceefolchicamarasa\/wp-content\/uploads\/usu347\/2020\/04\/SANT-JORDI-1024x543.png 1024w, https:\/\/agora.xtec.cat\/ceefolchicamarasa\/wp-content\/uploads\/usu347\/2020\/04\/SANT-JORDI-300x159.png 300w, https:\/\/agora.xtec.cat\/ceefolchicamarasa\/wp-content\/uploads\/usu347\/2020\/04\/SANT-JORDI-768x407.png 768w, https:\/\/agora.xtec.cat\/ceefolchicamarasa\/wp-content\/uploads\/usu347\/2020\/04\/SANT-JORDI.png 1365w\" sizes=\"auto, (max-width: 391px) 100vw, 391px\" \/><\/a><\/p>\n<p>RECURSOS PER A LES FAM\u00cdLIES: Aqu\u00ed podeu trobar diferents recomanacions, orientacions i recursos que poden ajudar i ser \u00fatils en aquesta situaci\u00f3 de confinament i han estat elaborats per professionals de serveis externs.<\/p>\n<p><a href=\"https:\/\/drive.google.com\/file\/d\/1Nyo8w52cSueN5m31-S5N64Ai5SJ2JLLD\/view\"><img loading=\"lazy\" decoding=\"async\" class=\"alignnone wp-image-850\" src=\"https:\/\/agora.xtec.cat\/ceefolchicamarasa\/wp-content\/uploads\/usu347\/2020\/04\/A-CASA.png\" alt=\"\" width=\"176\" height=\"121\" srcset=\"https:\/\/agora.xtec.cat\/ceefolchicamarasa\/wp-content\/uploads\/usu347\/2020\/04\/A-CASA.png 807w, https:\/\/agora.xtec.cat\/ceefolchicamarasa\/wp-content\/uploads\/usu347\/2020\/04\/A-CASA-300x206.png 300w, https:\/\/agora.xtec.cat\/ceefolchicamarasa\/wp-content\/uploads\/usu347\/2020\/04\/A-CASA-768x527.png 768w\" sizes=\"auto, (max-width: 176px) 100vw, 176px\" \/><\/a><a href=\"https:\/\/drive.google.com\/file\/d\/1HJO9qw7Us-pClIuuaDk91j9BCftMd4py\/view\"><img loading=\"lazy\" decoding=\"async\" class=\"wp-image-849 alignleft\" src=\"https:\/\/agora.xtec.cat\/ceefolchicamarasa\/wp-content\/uploads\/usu347\/2020\/04\/AJUDA.png\" alt=\"\" width=\"203\" height=\"135\" srcset=\"https:\/\/agora.xtec.cat\/ceefolchicamarasa\/wp-content\/uploads\/usu347\/2020\/04\/AJUDA.png 803w, https:\/\/agora.xtec.cat\/ceefolchicamarasa\/wp-content\/uploads\/usu347\/2020\/04\/AJUDA-300x200.png 300w, https:\/\/agora.xtec.cat\/ceefolchicamarasa\/wp-content\/uploads\/usu347\/2020\/04\/AJUDA-768x511.png 768w\" sizes=\"auto, (max-width: 203px) 100vw, 203px\" \/><\/a><\/p>\n<p><a href=\"https:\/\/drive.google.com\/file\/d\/1xIeWhJgdU8zLuqzaoZCWXd6RduAkOgHh\/view\"><img loading=\"lazy\" decoding=\"async\" class=\"alignnone wp-image-851\" src=\"https:\/\/agora.xtec.cat\/ceefolchicamarasa\/wp-content\/uploads\/usu347\/2020\/04\/orientacions.png\" alt=\"\" width=\"188\" height=\"127\" srcset=\"https:\/\/agora.xtec.cat\/ceefolchicamarasa\/wp-content\/uploads\/usu347\/2020\/04\/orientacions.png 806w, https:\/\/agora.xtec.cat\/ceefolchicamarasa\/wp-content\/uploads\/usu347\/2020\/04\/orientacions-300x203.png 300w, https:\/\/agora.xtec.cat\/ceefolchicamarasa\/wp-content\/uploads\/usu347\/2020\/04\/orientacions-768x519.png 768w\" sizes=\"auto, (max-width: 188px) 100vw, 188px\" \/><\/a><a href=\"https:\/\/drive.google.com\/file\/d\/1ku9OkN11djKk48mpTvpP4zlALXbM2nXH\/view\"><img loading=\"lazy\" decoding=\"async\" class=\"wp-image-848 alignleft\" src=\"https:\/\/agora.xtec.cat\/ceefolchicamarasa\/wp-content\/uploads\/usu347\/2020\/04\/ALIMENTACI\u00d3.png\" alt=\"\" width=\"186\" height=\"128\" srcset=\"https:\/\/agora.xtec.cat\/ceefolchicamarasa\/wp-content\/uploads\/usu347\/2020\/04\/ALIMENTACI\u00d3.png 803w, https:\/\/agora.xtec.cat\/ceefolchicamarasa\/wp-content\/uploads\/usu347\/2020\/04\/ALIMENTACI\u00d3-300x207.png 300w, https:\/\/agora.xtec.cat\/ceefolchicamarasa\/wp-content\/uploads\/usu347\/2020\/04\/ALIMENTACI\u00d3-768x530.png 768w\" sizes=\"auto, (max-width: 186px) 100vw, 186px\" \/><\/a><\/p>\n<div id=\"mceu_57\" class=\"wp-link-preview\"><\/div>\n<div id=\"mceu_57\" class=\"wp-link-preview\"><\/div>\n<p style=\"text-align: justify;\">\n","protected":false},"excerpt":{"rendered":"<p>El Departament d\u2019Educaci\u00f3, seguint les instruccions del Departament de Salut i com a mesura excepcional per contenir el coronavirus,va prendre la decisi\u00f3 de tancar des del 13 de mar\u00e7, tots els centres educatius del pa\u00eds. Malgrat aquesta situaci\u00f3 tot l&#8217;equip est\u00e0 a disposici\u00f3 de les&hellip;  <a href=\"https:\/\/agora.xtec.cat\/ceefolchicamarasa\/general\/situacio-covid-19\/\" title=\"Read SITUACI\u00d3 COVID-19\">Llegeix m\u00e9s\u00bb<\/a><\/p>\n","protected":false},"author":1,"featured_media":0,"comment_status":"open","ping_status":"closed","sticky":false,"template":"","format":"standard","meta":{"_bbp_topic_count":0,"_bbp_reply_count":0,"_bbp_total_topic_count":0,"_bbp_total_reply_count":0,"_bbp_voice_count":0,"_bbp_anonymous_reply_count":0,"_bbp_topic_count_hidden":0,"_bbp_reply_count_hidden":0,"_bbp_forum_subforum_count":0,"footnotes":""},"categories":[60,1,4],"tags":[],"class_list":["post-819","post","type-post","status-publish","format-standard","hentry","category-articles","category-general","category-portada"],"post_mailing_queue_ids":[],"_links":{"self":[{"href":"https:\/\/agora.xtec.cat\/ceefolchicamarasa\/wp-json\/wp\/v2\/posts\/819","targetHints":{"allow":["GET"]}}],"collection":[{"href":"https:\/\/agora.xtec.cat\/ceefolchicamarasa\/wp-json\/wp\/v2\/posts"}],"about":[{"href":"https:\/\/agora.xtec.cat\/ceefolchicamarasa\/wp-json\/wp\/v2\/types\/post"}],"author":[{"embeddable":true,"href":"https:\/\/agora.xtec.cat\/ceefolchicamarasa\/wp-json\/wp\/v2\/users\/1"}],"replies":[{"embeddable":true,"href":"https:\/\/agora.xtec.cat\/ceefolchicamarasa\/wp-json\/wp\/v2\/comments?post=819"}],"version-history":[{"count":3,"href":"https:\/\/agora.xtec.cat\/ceefolchicamarasa\/wp-json\/wp\/v2\/posts\/819\/revisions"}],"predecessor-version":[{"id":853,"href":"https:\/\/agora.xtec.cat\/ceefolchicamarasa\/wp-json\/wp\/v2\/posts\/819\/revisions\/853"}],"wp:attachment":[{"href":"https:\/\/agora.xtec.cat\/ceefolchicamarasa\/wp-json\/wp\/v2\/media?parent=819"}],"wp:term":[{"taxonomy":"category","embeddable":true,"href":"https:\/\/agora.xtec.cat\/ceefolchicamarasa\/wp-json\/wp\/v2\/categories?post=819"},{"taxonomy":"post_tag","embeddable":true,"href":"https:\/\/agora.xtec.cat\/ceefolchicamarasa\/wp-json\/wp\/v2\/tags?post=819"}],"curies":[{"name":"wp","href":"https:\/\/api.w.org\/{rel}","templated":true}]}}