{"id":807,"date":"2019-07-08T15:44:47","date_gmt":"2019-07-08T13:44:47","guid":{"rendered":"http:\/\/agora.xtec.cat\/ceefolchicamarasa\/?p=807"},"modified":"2020-05-18T16:36:22","modified_gmt":"2020-05-18T14:36:22","slug":"rar-la-forca-del-turro-solidari","status":"publish","type":"post","link":"https:\/\/agora.xtec.cat\/ceefolchicamarasa\/general\/rar-la-forca-del-turro-solidari\/","title":{"rendered":"RAR, LA FOR\u00c7A DEL TURR\u00d3 SOLIDARI"},"content":{"rendered":"<p>El passat 28 de febrer, en motiu del Dia Mundial de les Malalties Minorit\u00e0ries, es va estrenar a la sala Barts (Barcelona) el documental &#8220;<strong><a href=\"https:\/\/www.youtube.com\/watch?v=M7d20ewB3yk\" target=\"_blank\" rel=\"noopener noreferrer\">RAR, la for\u00e7a del torr\u00f3 solidari<\/a><\/strong>&#8220;, sobre el torr\u00f3 solidari de RAC1 i Torrons Vicens.\u00a0<strong>El documental<\/strong>, produ\u00eft per Bakery Group,\u00a0<strong>explica la import\u00e0ncia de la investigaci\u00f3 i del projecte\u00a0<a href=\"https:\/\/www.rarecommons.org\/es\" target=\"_blank\" rel=\"noopener noreferrer\">Rare Commons<\/a>,\u00a0<\/strong>coordinat per Begonya Nafria (Institut de Recerca Sant Joan de D\u00e9u), a trav\u00e9s de la hist\u00f2ria de tres fam\u00edlies amb tres nens que lluiten contra una malaltia rara.<\/p>\n<p>Van venir a gravar a l&#8217;escola com \u00e9s un dia de la Bruna i aprofitar per donar visibilitat d&#8217;altres malalties minorit\u00e0ries que presenten altres alumnes de l&#8217;escola.<\/p>\n<p><iframe loading=\"lazy\" src=\"\/\/www.youtube.com\/embed\/M7d20ewB3yk\" width=\"560\" height=\"314\"><\/iframe><\/p>\n","protected":false},"excerpt":{"rendered":"<p>El passat 28 de febrer, en motiu del Dia Mundial de les Malalties Minorit\u00e0ries, es va estrenar a la sala Barts (Barcelona) el documental &#8220;<a href=\"https:\/\/www.youtube.com\/watch?v=M7d20ewB3yk\" target=\"_blank\" rel=\"noopener noreferrer\">RAR, la for\u00e7a del torr\u00f3 solidari<\/a>&#8220;, sobre el torr\u00f3 solidari de RAC1 i Torrons Vicens.\u00a0El documental, produ\u00eft&hellip;  <a href=\"https:\/\/agora.xtec.cat\/ceefolchicamarasa\/general\/rar-la-forca-del-turro-solidari\/\" title=\"Read RAR, LA FOR\u00c7A DEL TURR\u00d3 SOLIDARI\">Llegeix m\u00e9s\u00bb<\/a><\/p>\n","protected":false},"author":1,"featured_media":0,"comment_status":"open","ping_status":"closed","sticky":false,"template":"","format":"standard","meta":{"_bbp_topic_count":0,"_bbp_reply_count":0,"_bbp_total_topic_count":0,"_bbp_total_reply_count":0,"_bbp_voice_count":0,"_bbp_anonymous_reply_count":0,"_bbp_topic_count_hidden":0,"_bbp_reply_count_hidden":0,"_bbp_forum_subforum_count":0,"footnotes":""},"categories":[60,1],"tags":[],"class_list":["post-807","post","type-post","status-publish","format-standard","hentry","category-articles","category-general"],"post_mailing_queue_ids":[],"_links":{"self":[{"href":"https:\/\/agora.xtec.cat\/ceefolchicamarasa\/wp-json\/wp\/v2\/posts\/807","targetHints":{"allow":["GET"]}}],"collection":[{"href":"https:\/\/agora.xtec.cat\/ceefolchicamarasa\/wp-json\/wp\/v2\/posts"}],"about":[{"href":"https:\/\/agora.xtec.cat\/ceefolchicamarasa\/wp-json\/wp\/v2\/types\/post"}],"author":[{"embeddable":true,"href":"https:\/\/agora.xtec.cat\/ceefolchicamarasa\/wp-json\/wp\/v2\/users\/1"}],"replies":[{"embeddable":true,"href":"https:\/\/agora.xtec.cat\/ceefolchicamarasa\/wp-json\/wp\/v2\/comments?post=807"}],"version-history":[{"count":2,"href":"https:\/\/agora.xtec.cat\/ceefolchicamarasa\/wp-json\/wp\/v2\/posts\/807\/revisions"}],"predecessor-version":[{"id":818,"href":"https:\/\/agora.xtec.cat\/ceefolchicamarasa\/wp-json\/wp\/v2\/posts\/807\/revisions\/818"}],"wp:attachment":[{"href":"https:\/\/agora.xtec.cat\/ceefolchicamarasa\/wp-json\/wp\/v2\/media?parent=807"}],"wp:term":[{"taxonomy":"category","embeddable":true,"href":"https:\/\/agora.xtec.cat\/ceefolchicamarasa\/wp-json\/wp\/v2\/categories?post=807"},{"taxonomy":"post_tag","embeddable":true,"href":"https:\/\/agora.xtec.cat\/ceefolchicamarasa\/wp-json\/wp\/v2\/tags?post=807"}],"curies":[{"name":"wp","href":"https:\/\/api.w.org\/{rel}","templated":true}]}}