{"id":801,"date":"2019-07-08T14:35:24","date_gmt":"2019-07-08T12:35:24","guid":{"rendered":"http:\/\/agora.xtec.cat\/ceefolchicamarasa\/?p=801"},"modified":"2024-11-25T15:09:59","modified_gmt":"2024-11-25T14:09:59","slug":"junts-som-invencibles","status":"publish","type":"post","link":"https:\/\/agora.xtec.cat\/ceefolchicamarasa\/portada\/junts-som-invencibles\/","title":{"rendered":"JUNTS SOM INVENCIBLES"},"content":{"rendered":"<p>Aquest curs ens hem engrescat a fer de cantants i m\u00fasics. El grup Bipolar ens ha perm\u00e8s utilitzar la seva can\u00e7\u00f3 &#8220;Junts Som Invencibles&#8221; que tant ens ha motivat per fer un videoclip. Ha quedat tan bonic perqu\u00e8 ens ha tornat a gravar el Roger Tort amb la seva mirada m\u00e0gica.<\/p>\n<p><iframe loading=\"lazy\" src=\"\/\/www.youtube.com\/embed\/F0E6V3fDabo\" width=\"560\" height=\"314\"><\/iframe><\/p>\n","protected":false},"excerpt":{"rendered":"<p>Aquest curs ens hem engrescat a fer de cantants i m\u00fasics. El grup Bipolar ens ha perm\u00e8s utilitzar la seva can\u00e7\u00f3 &#8220;Junts Som Invencibles&#8221; que tant ens ha motivat per fer un videoclip. Ha quedat tan bonic perqu\u00e8 ens ha tornat a gravar el Roger&hellip;  <a href=\"https:\/\/agora.xtec.cat\/ceefolchicamarasa\/portada\/junts-som-invencibles\/\" title=\"Read JUNTS SOM INVENCIBLES\">Llegeix m\u00e9s\u00bb<\/a><\/p>\n","protected":false},"author":1,"featured_media":803,"comment_status":"open","ping_status":"closed","sticky":true,"template":"","format":"standard","meta":{"_bbp_topic_count":0,"_bbp_reply_count":0,"_bbp_total_topic_count":0,"_bbp_total_reply_count":0,"_bbp_voice_count":0,"_bbp_anonymous_reply_count":0,"_bbp_topic_count_hidden":0,"_bbp_reply_count_hidden":0,"_bbp_forum_subforum_count":0,"footnotes":""},"categories":[60,4],"tags":[59,58,57],"class_list":["post-801","post","type-post","status-publish","format-standard","has-post-thumbnail","hentry","category-articles","category-portada","tag-cee-folch-i-camarasa","tag-junts-som-invencibles","tag-videoclip"],"post_mailing_queue_ids":[],"_links":{"self":[{"href":"https:\/\/agora.xtec.cat\/ceefolchicamarasa\/wp-json\/wp\/v2\/posts\/801","targetHints":{"allow":["GET"]}}],"collection":[{"href":"https:\/\/agora.xtec.cat\/ceefolchicamarasa\/wp-json\/wp\/v2\/posts"}],"about":[{"href":"https:\/\/agora.xtec.cat\/ceefolchicamarasa\/wp-json\/wp\/v2\/types\/post"}],"author":[{"embeddable":true,"href":"https:\/\/agora.xtec.cat\/ceefolchicamarasa\/wp-json\/wp\/v2\/users\/1"}],"replies":[{"embeddable":true,"href":"https:\/\/agora.xtec.cat\/ceefolchicamarasa\/wp-json\/wp\/v2\/comments?post=801"}],"version-history":[{"count":3,"href":"https:\/\/agora.xtec.cat\/ceefolchicamarasa\/wp-json\/wp\/v2\/posts\/801\/revisions"}],"predecessor-version":[{"id":877,"href":"https:\/\/agora.xtec.cat\/ceefolchicamarasa\/wp-json\/wp\/v2\/posts\/801\/revisions\/877"}],"wp:featuredmedia":[{"embeddable":true,"href":"https:\/\/agora.xtec.cat\/ceefolchicamarasa\/wp-json\/wp\/v2\/media\/803"}],"wp:attachment":[{"href":"https:\/\/agora.xtec.cat\/ceefolchicamarasa\/wp-json\/wp\/v2\/media?parent=801"}],"wp:term":[{"taxonomy":"category","embeddable":true,"href":"https:\/\/agora.xtec.cat\/ceefolchicamarasa\/wp-json\/wp\/v2\/categories?post=801"},{"taxonomy":"post_tag","embeddable":true,"href":"https:\/\/agora.xtec.cat\/ceefolchicamarasa\/wp-json\/wp\/v2\/tags?post=801"}],"curies":[{"name":"wp","href":"https:\/\/api.w.org\/{rel}","templated":true}]}}