{"id":755,"date":"2018-07-12T12:28:28","date_gmt":"2018-07-12T10:28:28","guid":{"rendered":"http:\/\/agora.xtec.cat\/ceefolchicamarasa\/?p=755"},"modified":"2020-05-19T15:18:44","modified_gmt":"2020-05-19T13:18:44","slug":"tornem-a-participar-a-les-jornades-de-baix-cost","status":"publish","type":"post","link":"https:\/\/agora.xtec.cat\/ceefolchicamarasa\/general\/tornem-a-participar-a-les-jornades-de-baix-cost\/","title":{"rendered":"Tornem a participar a les jornades de baix cost"},"content":{"rendered":"<p>El 12 de maig, per segon any consecutiu el CEE Folch i Camarasa participa a la VI Jornada de baix cost que organitza Nexe Fundaci\u00f3.<\/p>\n<p>Aquest cop es va dur a terme un taller, a c\u00e0rrec de l&#8217;Olga Casas i la Francis Moreno, sobre la creaci\u00f3 de m\u00f2bils sensorials. Aquest tipus de m\u00f2bils de diferents textures i materials s\u00f3n un bon recurs per treballar i afavorir l&#8217;estimulaci\u00f3 visual i t\u00e0ctil. Tamb\u00e9 hi va haver una exposici\u00f3 d&#8217;alguns dels m\u00f2bils que s&#8217;han elaborat a l&#8217;escola per compartir-los amb tothom.<\/p>\n<p>Estem molt agra\u00efts d&#8217;haver tornat a participar en aquestes jornades i esperem poder seguir fent-ho!<\/p>\n<p><a href=\"http:\/\/agora.xtec.cat\/ceefolchicamarasa\/wp-content\/uploads\/usu347\/2018\/07\/cdf5b381-6f4b-4104-bb7b-65cfeac7539c.jpg\"><img loading=\"lazy\" decoding=\"async\" class=\"alignnone wp-image-760\" src=\"http:\/\/agora.xtec.cat\/ceefolchicamarasa\/wp-content\/uploads\/usu347\/2018\/07\/cdf5b381-6f4b-4104-bb7b-65cfeac7539c-1024x575.jpg\" alt=\"\" width=\"331\" height=\"186\" srcset=\"https:\/\/agora.xtec.cat\/ceefolchicamarasa\/wp-content\/uploads\/usu347\/2018\/07\/cdf5b381-6f4b-4104-bb7b-65cfeac7539c-1024x575.jpg 1024w, https:\/\/agora.xtec.cat\/ceefolchicamarasa\/wp-content\/uploads\/usu347\/2018\/07\/cdf5b381-6f4b-4104-bb7b-65cfeac7539c-300x168.jpg 300w, https:\/\/agora.xtec.cat\/ceefolchicamarasa\/wp-content\/uploads\/usu347\/2018\/07\/cdf5b381-6f4b-4104-bb7b-65cfeac7539c-768x431.jpg 768w, https:\/\/agora.xtec.cat\/ceefolchicamarasa\/wp-content\/uploads\/usu347\/2018\/07\/cdf5b381-6f4b-4104-bb7b-65cfeac7539c.jpg 1600w\" sizes=\"auto, (max-width: 331px) 100vw, 331px\" \/><\/a> <a href=\"http:\/\/agora.xtec.cat\/ceefolchicamarasa\/wp-content\/uploads\/usu347\/2018\/07\/f5bf774b-42d4-4ca5-a57a-73e0e370df38.jpg\"><img loading=\"lazy\" decoding=\"async\" class=\"alignnone wp-image-761\" src=\"http:\/\/agora.xtec.cat\/ceefolchicamarasa\/wp-content\/uploads\/usu347\/2018\/07\/f5bf774b-42d4-4ca5-a57a-73e0e370df38-1024x575.jpg\" alt=\"\" width=\"336\" height=\"189\" srcset=\"https:\/\/agora.xtec.cat\/ceefolchicamarasa\/wp-content\/uploads\/usu347\/2018\/07\/f5bf774b-42d4-4ca5-a57a-73e0e370df38-1024x575.jpg 1024w, https:\/\/agora.xtec.cat\/ceefolchicamarasa\/wp-content\/uploads\/usu347\/2018\/07\/f5bf774b-42d4-4ca5-a57a-73e0e370df38-300x168.jpg 300w, https:\/\/agora.xtec.cat\/ceefolchicamarasa\/wp-content\/uploads\/usu347\/2018\/07\/f5bf774b-42d4-4ca5-a57a-73e0e370df38-768x431.jpg 768w, https:\/\/agora.xtec.cat\/ceefolchicamarasa\/wp-content\/uploads\/usu347\/2018\/07\/f5bf774b-42d4-4ca5-a57a-73e0e370df38.jpg 1600w\" sizes=\"auto, (max-width: 336px) 100vw, 336px\" \/><\/a><\/p>\n","protected":false},"excerpt":{"rendered":"<p>El 12 de maig, per segon any consecutiu el CEE Folch i Camarasa participa a la VI Jornada de baix cost que organitza Nexe Fundaci\u00f3.<br \/>\nAquest cop es va dur a terme un taller, a c\u00e0rrec de l&#8217;Olga Casas i la Francis Moreno, sobre la creaci\u00f3&hellip;  <a href=\"https:\/\/agora.xtec.cat\/ceefolchicamarasa\/general\/tornem-a-participar-a-les-jornades-de-baix-cost\/\" title=\"Read Tornem a participar a les jornades de baix cost\">Llegeix m\u00e9s\u00bb<\/a><\/p>\n","protected":false},"author":1,"featured_media":0,"comment_status":"open","ping_status":"closed","sticky":false,"template":"","format":"standard","meta":{"_bbp_topic_count":0,"_bbp_reply_count":0,"_bbp_total_topic_count":0,"_bbp_total_reply_count":0,"_bbp_voice_count":0,"_bbp_anonymous_reply_count":0,"_bbp_topic_count_hidden":0,"_bbp_reply_count_hidden":0,"_bbp_forum_subforum_count":0,"footnotes":""},"categories":[60,1],"tags":[],"class_list":["post-755","post","type-post","status-publish","format-standard","hentry","category-articles","category-general"],"post_mailing_queue_ids":[],"_links":{"self":[{"href":"https:\/\/agora.xtec.cat\/ceefolchicamarasa\/wp-json\/wp\/v2\/posts\/755","targetHints":{"allow":["GET"]}}],"collection":[{"href":"https:\/\/agora.xtec.cat\/ceefolchicamarasa\/wp-json\/wp\/v2\/posts"}],"about":[{"href":"https:\/\/agora.xtec.cat\/ceefolchicamarasa\/wp-json\/wp\/v2\/types\/post"}],"author":[{"embeddable":true,"href":"https:\/\/agora.xtec.cat\/ceefolchicamarasa\/wp-json\/wp\/v2\/users\/1"}],"replies":[{"embeddable":true,"href":"https:\/\/agora.xtec.cat\/ceefolchicamarasa\/wp-json\/wp\/v2\/comments?post=755"}],"version-history":[{"count":4,"href":"https:\/\/agora.xtec.cat\/ceefolchicamarasa\/wp-json\/wp\/v2\/posts\/755\/revisions"}],"predecessor-version":[{"id":776,"href":"https:\/\/agora.xtec.cat\/ceefolchicamarasa\/wp-json\/wp\/v2\/posts\/755\/revisions\/776"}],"wp:attachment":[{"href":"https:\/\/agora.xtec.cat\/ceefolchicamarasa\/wp-json\/wp\/v2\/media?parent=755"}],"wp:term":[{"taxonomy":"category","embeddable":true,"href":"https:\/\/agora.xtec.cat\/ceefolchicamarasa\/wp-json\/wp\/v2\/categories?post=755"},{"taxonomy":"post_tag","embeddable":true,"href":"https:\/\/agora.xtec.cat\/ceefolchicamarasa\/wp-json\/wp\/v2\/tags?post=755"}],"curies":[{"name":"wp","href":"https:\/\/api.w.org\/{rel}","templated":true}]}}