{"id":704,"date":"2017-05-29T14:00:56","date_gmt":"2017-05-29T12:00:56","guid":{"rendered":"http:\/\/agora.xtec.cat\/ceefolchicamarasa\/?p=704"},"modified":"2020-05-19T15:20:06","modified_gmt":"2020-05-19T13:20:06","slug":"lescola-participa-a-les-jornades-de-baix-cost","status":"publish","type":"post","link":"https:\/\/agora.xtec.cat\/ceefolchicamarasa\/general\/lescola-participa-a-les-jornades-de-baix-cost\/","title":{"rendered":"L&#8217;escola participa a les jornades de baix cost"},"content":{"rendered":"<p>El passat 6 de maig, l&#8217;escola CEE Folch i Camarasa va estar convidada a participar a la V Jornada de Baix Cost que organitzava Nexe Fundaci\u00f3.<\/p>\n<p>Vam muntar dos estants expositors on mostr\u00e0vem diferents materials pensats\u00a0per als alumnes de la nostra escola. Es podien observar diferents cortines de pluja seca, un plaf\u00f3 t\u00e0ctil amb diferents textures i elements tridimensionals i alguns m\u00f2bils elaborats amb diversos materials.<\/p>\n<p>Tamb\u00e9 una joguina en forma de coet amb monedes que hem adaptat amb un commutador i temporitzador perqu\u00e8 la pugui accionar el nostre alumnat.<\/p>\n<p>Va ser un plaer poder participar en unes jornades on hi havien diversos tallers. Es mostraven productes de dissenys oberts a tots i on tamb\u00e9 algunes fam\u00edlies ensenyaven veritables innovacions alhora d&#8217;adaptar materials. Per\u00f2 les millors innovacions s\u00f3n les que surten del cor.<\/p>\n<p>Esperem tornar a participar el proper any!!!<\/p>\n<p><a href=\"http:\/\/agora.xtec.cat\/ceefolchicamarasa\/wp-content\/uploads\/usu347\/2017\/05\/IMG-20170506-WA0011-1.jpg\"><img loading=\"lazy\" decoding=\"async\" class=\"alignnone wp-image-707\" src=\"http:\/\/agora.xtec.cat\/ceefolchicamarasa\/wp-content\/uploads\/usu347\/2017\/05\/IMG-20170506-WA0011-1-1024x768.jpg\" alt=\"IMG-20170506-WA0011 (1)\" width=\"228\" height=\"171\" srcset=\"https:\/\/agora.xtec.cat\/ceefolchicamarasa\/wp-content\/uploads\/usu347\/2017\/05\/IMG-20170506-WA0011-1-1024x768.jpg 1024w, https:\/\/agora.xtec.cat\/ceefolchicamarasa\/wp-content\/uploads\/usu347\/2017\/05\/IMG-20170506-WA0011-1-300x225.jpg 300w, https:\/\/agora.xtec.cat\/ceefolchicamarasa\/wp-content\/uploads\/usu347\/2017\/05\/IMG-20170506-WA0011-1-768x576.jpg 768w, https:\/\/agora.xtec.cat\/ceefolchicamarasa\/wp-content\/uploads\/usu347\/2017\/05\/IMG-20170506-WA0011-1-200x150.jpg 200w, https:\/\/agora.xtec.cat\/ceefolchicamarasa\/wp-content\/uploads\/usu347\/2017\/05\/IMG-20170506-WA0011-1.jpg 1600w\" sizes=\"auto, (max-width: 228px) 100vw, 228px\" \/><\/a><a href=\"http:\/\/agora.xtec.cat\/ceefolchicamarasa\/wp-content\/uploads\/usu347\/2017\/05\/IMG-20170506-WA0012.jpg\"><img loading=\"lazy\" decoding=\"async\" class=\"alignnone wp-image-708\" src=\"http:\/\/agora.xtec.cat\/ceefolchicamarasa\/wp-content\/uploads\/usu347\/2017\/05\/IMG-20170506-WA0012-1024x768.jpg\" alt=\"IMG-20170506-WA0012\" width=\"228\" height=\"171\" srcset=\"https:\/\/agora.xtec.cat\/ceefolchicamarasa\/wp-content\/uploads\/usu347\/2017\/05\/IMG-20170506-WA0012-1024x768.jpg 1024w, https:\/\/agora.xtec.cat\/ceefolchicamarasa\/wp-content\/uploads\/usu347\/2017\/05\/IMG-20170506-WA0012-300x225.jpg 300w, https:\/\/agora.xtec.cat\/ceefolchicamarasa\/wp-content\/uploads\/usu347\/2017\/05\/IMG-20170506-WA0012-768x576.jpg 768w, https:\/\/agora.xtec.cat\/ceefolchicamarasa\/wp-content\/uploads\/usu347\/2017\/05\/IMG-20170506-WA0012-200x150.jpg 200w, https:\/\/agora.xtec.cat\/ceefolchicamarasa\/wp-content\/uploads\/usu347\/2017\/05\/IMG-20170506-WA0012.jpg 1600w\" sizes=\"auto, (max-width: 228px) 100vw, 228px\" \/><\/a><\/p>\n","protected":false},"excerpt":{"rendered":"<p>El passat 6 de maig, l&#8217;escola CEE Folch i Camarasa va estar convidada a participar a la V Jornada de Baix Cost que organitzava Nexe Fundaci\u00f3.<br \/>\nVam muntar dos estants expositors on mostr\u00e0vem diferents materials pensats\u00a0per als alumnes de la nostra escola. Es podien observar diferents&hellip;  <a href=\"https:\/\/agora.xtec.cat\/ceefolchicamarasa\/general\/lescola-participa-a-les-jornades-de-baix-cost\/\" title=\"Read L&#8217;escola participa a les jornades de baix cost\">Llegeix m\u00e9s\u00bb<\/a><\/p>\n","protected":false},"author":1,"featured_media":707,"comment_status":"open","ping_status":"closed","sticky":false,"template":"","format":"standard","meta":{"_bbp_topic_count":0,"_bbp_reply_count":0,"_bbp_total_topic_count":0,"_bbp_total_reply_count":0,"_bbp_voice_count":0,"_bbp_anonymous_reply_count":0,"_bbp_topic_count_hidden":0,"_bbp_reply_count_hidden":0,"_bbp_forum_subforum_count":0,"footnotes":""},"categories":[60,1],"tags":[50,49,19,46,51,48],"class_list":["post-704","post","type-post","status-publish","format-standard","has-post-thumbnail","hentry","category-articles","category-general","tag-adaptacions","tag-alumnes","tag-audiovisuals","tag-discapacitat-visual","tag-nexe","tag-pluridiscapacitat"],"post_mailing_queue_ids":[],"_links":{"self":[{"href":"https:\/\/agora.xtec.cat\/ceefolchicamarasa\/wp-json\/wp\/v2\/posts\/704","targetHints":{"allow":["GET"]}}],"collection":[{"href":"https:\/\/agora.xtec.cat\/ceefolchicamarasa\/wp-json\/wp\/v2\/posts"}],"about":[{"href":"https:\/\/agora.xtec.cat\/ceefolchicamarasa\/wp-json\/wp\/v2\/types\/post"}],"author":[{"embeddable":true,"href":"https:\/\/agora.xtec.cat\/ceefolchicamarasa\/wp-json\/wp\/v2\/users\/1"}],"replies":[{"embeddable":true,"href":"https:\/\/agora.xtec.cat\/ceefolchicamarasa\/wp-json\/wp\/v2\/comments?post=704"}],"version-history":[{"count":3,"href":"https:\/\/agora.xtec.cat\/ceefolchicamarasa\/wp-json\/wp\/v2\/posts\/704\/revisions"}],"predecessor-version":[{"id":711,"href":"https:\/\/agora.xtec.cat\/ceefolchicamarasa\/wp-json\/wp\/v2\/posts\/704\/revisions\/711"}],"wp:featuredmedia":[{"embeddable":true,"href":"https:\/\/agora.xtec.cat\/ceefolchicamarasa\/wp-json\/wp\/v2\/media\/707"}],"wp:attachment":[{"href":"https:\/\/agora.xtec.cat\/ceefolchicamarasa\/wp-json\/wp\/v2\/media?parent=704"}],"wp:term":[{"taxonomy":"category","embeddable":true,"href":"https:\/\/agora.xtec.cat\/ceefolchicamarasa\/wp-json\/wp\/v2\/categories?post=704"},{"taxonomy":"post_tag","embeddable":true,"href":"https:\/\/agora.xtec.cat\/ceefolchicamarasa\/wp-json\/wp\/v2\/tags?post=704"}],"curies":[{"name":"wp","href":"https:\/\/api.w.org\/{rel}","templated":true}]}}