{"id":695,"date":"2019-07-09T12:06:45","date_gmt":"2019-07-09T10:06:45","guid":{"rendered":"http:\/\/agora.xtec.cat\/ceefolchicamarasa\/?p=695"},"modified":"2024-11-25T15:10:12","modified_gmt":"2024-11-25T14:10:12","slug":"video-divulgatiu-de-lescola","status":"publish","type":"post","link":"https:\/\/agora.xtec.cat\/ceefolchicamarasa\/portada\/video-divulgatiu-de-lescola\/","title":{"rendered":"V\u00cdDEO PRESENTACI\u00d3 DE L&#8217;ESCOLA"},"content":{"rendered":"<p>V\u00eddeo de divulgaci\u00f3\u00a0de l&#8217;escola d&#8217;educaci\u00f3 especial Folch i Camarasa de Barcelona. Escola \u00fanica en la seva especificitat d&#8217;atenci\u00f3 a alumnat amb discapacitat visual i TEA i altres discapacitats. V\u00eddeo realitzat per Roger Tort.\u00a0Gr\u00e0cies per la teva mirada i professionalitat.<br \/>\nGr\u00e0cies Nika per compartir la teva veu\u00a0amb nosaltres.<\/p>\n<p><iframe loading=\"lazy\" title=\"CEE Folch i Camarasa\" width=\"500\" height=\"281\" src=\"https:\/\/www.youtube.com\/embed\/tS-0aWyPQ30?feature=oembed\" frameborder=\"0\" allow=\"accelerometer; autoplay; clipboard-write; encrypted-media; gyroscope; picture-in-picture; web-share\" referrerpolicy=\"strict-origin-when-cross-origin\" allowfullscreen><\/iframe><\/p>\n","protected":false},"excerpt":{"rendered":"<p>V\u00eddeo de divulgaci\u00f3\u00a0de l&#8217;escola d&#8217;educaci\u00f3 especial Folch i Camarasa de Barcelona. Escola \u00fanica en la seva especificitat d&#8217;atenci\u00f3 a alumnat amb discapacitat visual i TEA i altres discapacitats. V\u00eddeo realitzat per Roger Tort.\u00a0Gr\u00e0cies per la teva mirada i professionalitat.<br \/>\nGr\u00e0cies Nika per compartir la teva veu\u00a0amb&hellip;  <a href=\"https:\/\/agora.xtec.cat\/ceefolchicamarasa\/portada\/video-divulgatiu-de-lescola\/\" title=\"Read V\u00cdDEO PRESENTACI\u00d3 DE L&#8217;ESCOLA\">Llegeix m\u00e9s\u00bb<\/a><\/p>\n","protected":false},"author":1,"featured_media":0,"comment_status":"open","ping_status":"closed","sticky":true,"template":"","format":"standard","meta":{"_bbp_topic_count":0,"_bbp_reply_count":0,"_bbp_total_topic_count":0,"_bbp_total_reply_count":0,"_bbp_voice_count":0,"_bbp_anonymous_reply_count":0,"_bbp_topic_count_hidden":0,"_bbp_reply_count_hidden":0,"_bbp_forum_subforum_count":0,"footnotes":""},"categories":[60,4],"tags":[49,46,48,47,24],"class_list":["post-695","post","type-post","status-publish","format-standard","hentry","category-articles","category-portada","tag-alumnes","tag-discapacitat-visual","tag-pluridiscapacitat","tag-tea","tag-videos"],"post_mailing_queue_ids":[],"_links":{"self":[{"href":"https:\/\/agora.xtec.cat\/ceefolchicamarasa\/wp-json\/wp\/v2\/posts\/695","targetHints":{"allow":["GET"]}}],"collection":[{"href":"https:\/\/agora.xtec.cat\/ceefolchicamarasa\/wp-json\/wp\/v2\/posts"}],"about":[{"href":"https:\/\/agora.xtec.cat\/ceefolchicamarasa\/wp-json\/wp\/v2\/types\/post"}],"author":[{"embeddable":true,"href":"https:\/\/agora.xtec.cat\/ceefolchicamarasa\/wp-json\/wp\/v2\/users\/1"}],"replies":[{"embeddable":true,"href":"https:\/\/agora.xtec.cat\/ceefolchicamarasa\/wp-json\/wp\/v2\/comments?post=695"}],"version-history":[{"count":4,"href":"https:\/\/agora.xtec.cat\/ceefolchicamarasa\/wp-json\/wp\/v2\/posts\/695\/revisions"}],"predecessor-version":[{"id":770,"href":"https:\/\/agora.xtec.cat\/ceefolchicamarasa\/wp-json\/wp\/v2\/posts\/695\/revisions\/770"}],"wp:attachment":[{"href":"https:\/\/agora.xtec.cat\/ceefolchicamarasa\/wp-json\/wp\/v2\/media?parent=695"}],"wp:term":[{"taxonomy":"category","embeddable":true,"href":"https:\/\/agora.xtec.cat\/ceefolchicamarasa\/wp-json\/wp\/v2\/categories?post=695"},{"taxonomy":"post_tag","embeddable":true,"href":"https:\/\/agora.xtec.cat\/ceefolchicamarasa\/wp-json\/wp\/v2\/tags?post=695"}],"curies":[{"name":"wp","href":"https:\/\/api.w.org\/{rel}","templated":true}]}}