{"id":1316,"date":"2025-06-26T11:12:33","date_gmt":"2025-06-26T09:12:33","guid":{"rendered":"https:\/\/agora.xtec.cat\/ceefolchicamarasa\/?p=1316"},"modified":"2025-06-26T12:19:32","modified_gmt":"2025-06-26T10:19:32","slug":"concert-de-loriol-martorell","status":"publish","type":"post","link":"https:\/\/agora.xtec.cat\/ceefolchicamarasa\/general\/concert-de-loriol-martorell\/","title":{"rendered":"Concert amb l&#8217;Oriol Martorell"},"content":{"rendered":"<p><a href=\"https:\/\/agora.xtec.cat\/ceefolchicamarasa\/wp-content\/uploads\/usu347\/2025\/06\/1750932779912.jpg\"><img loading=\"lazy\" decoding=\"async\" class=\"alignnone  wp-image-1321\" src=\"https:\/\/agora.xtec.cat\/ceefolchicamarasa\/wp-content\/uploads\/usu347\/2025\/06\/1750932779912.jpg\" alt=\"\" width=\"343\" height=\"258\" srcset=\"https:\/\/agora.xtec.cat\/ceefolchicamarasa\/wp-content\/uploads\/usu347\/2025\/06\/1750932779912.jpg 1478w, https:\/\/agora.xtec.cat\/ceefolchicamarasa\/wp-content\/uploads\/usu347\/2025\/06\/1750932779912-300x226.jpg 300w, https:\/\/agora.xtec.cat\/ceefolchicamarasa\/wp-content\/uploads\/usu347\/2025\/06\/1750932779912-1024x771.jpg 1024w, https:\/\/agora.xtec.cat\/ceefolchicamarasa\/wp-content\/uploads\/usu347\/2025\/06\/1750932779912-768x578.jpg 768w, https:\/\/agora.xtec.cat\/ceefolchicamarasa\/wp-content\/uploads\/usu347\/2025\/06\/1750932779912-200x150.jpg 200w\" sizes=\"auto, (max-width: 343px) 100vw, 343px\" \/><\/a><a href=\"https:\/\/agora.xtec.cat\/ceefolchicamarasa\/wp-content\/uploads\/usu347\/2025\/06\/1750932768639.jpg\"> <img loading=\"lazy\" decoding=\"async\" class=\"alignnone  wp-image-1320\" src=\"https:\/\/agora.xtec.cat\/ceefolchicamarasa\/wp-content\/uploads\/usu347\/2025\/06\/1750932768639.jpg\" alt=\"\" width=\"344\" height=\"259\" srcset=\"https:\/\/agora.xtec.cat\/ceefolchicamarasa\/wp-content\/uploads\/usu347\/2025\/06\/1750932768639.jpg 1478w, https:\/\/agora.xtec.cat\/ceefolchicamarasa\/wp-content\/uploads\/usu347\/2025\/06\/1750932768639-300x226.jpg 300w, https:\/\/agora.xtec.cat\/ceefolchicamarasa\/wp-content\/uploads\/usu347\/2025\/06\/1750932768639-1024x771.jpg 1024w, https:\/\/agora.xtec.cat\/ceefolchicamarasa\/wp-content\/uploads\/usu347\/2025\/06\/1750932768639-768x578.jpg 768w, https:\/\/agora.xtec.cat\/ceefolchicamarasa\/wp-content\/uploads\/usu347\/2025\/06\/1750932768639-200x150.jpg 200w\" sizes=\"auto, (max-width: 344px) 100vw, 344px\" \/> <\/a><\/p>\n<p>Aquest final de curs hem tingut el plaer de tornar a rebre a l&#8217;alumnat de sis\u00e8 de l&#8217;escola Oriol Martorell que ens han fet un petit concert amb molts instruments diferents: violins, violes, flautes travesseres, guitarres&#8230; Uns dies m\u00e9s tard, ens van convidar a fer un concert a la seva escola. Aix\u00ed doncs, vam assajar i cap all\u00e0 amb el nostre repertori musical!<\/p>\n<p>Compartir aquesta experi\u00e8ncia ha sigut molt enriquidor per tots plegats\u00a0i esperem impacients el concert de l&#8217;any vinent!<\/p>\n<p>&nbsp;<\/p>\n","protected":false},"excerpt":{"rendered":"<p><a href=\"https:\/\/agora.xtec.cat\/ceefolchicamarasa\/wp-content\/uploads\/usu347\/2025\/06\/1750932779912.jpg\"><\/a><a href=\"https:\/\/agora.xtec.cat\/ceefolchicamarasa\/wp-content\/uploads\/usu347\/2025\/06\/1750932768639.jpg\">  <\/a><br \/>\nAquest final de curs hem tingut el plaer de tornar a rebre a l&#8217;alumnat de sis\u00e8 de l&#8217;escola Oriol Martorell que ens han fet un petit concert amb molts instruments diferents: violins, violes, flautes travesseres, guitarres&#8230; Uns dies m\u00e9s tard, ens&hellip;  <a href=\"https:\/\/agora.xtec.cat\/ceefolchicamarasa\/general\/concert-de-loriol-martorell\/\" title=\"Read Concert amb l&#8217;Oriol Martorell\">Llegeix m\u00e9s\u00bb<\/a><\/p>\n","protected":false},"author":1,"featured_media":0,"comment_status":"open","ping_status":"open","sticky":false,"template":"","format":"standard","meta":{"_bbp_topic_count":0,"_bbp_reply_count":0,"_bbp_total_topic_count":0,"_bbp_total_reply_count":0,"_bbp_voice_count":0,"_bbp_anonymous_reply_count":0,"_bbp_topic_count_hidden":0,"_bbp_reply_count_hidden":0,"_bbp_forum_subforum_count":0,"footnotes":""},"categories":[60,1,4],"tags":[],"class_list":["post-1316","post","type-post","status-publish","format-standard","hentry","category-articles","category-general","category-portada"],"post_mailing_queue_ids":[],"_links":{"self":[{"href":"https:\/\/agora.xtec.cat\/ceefolchicamarasa\/wp-json\/wp\/v2\/posts\/1316","targetHints":{"allow":["GET"]}}],"collection":[{"href":"https:\/\/agora.xtec.cat\/ceefolchicamarasa\/wp-json\/wp\/v2\/posts"}],"about":[{"href":"https:\/\/agora.xtec.cat\/ceefolchicamarasa\/wp-json\/wp\/v2\/types\/post"}],"author":[{"embeddable":true,"href":"https:\/\/agora.xtec.cat\/ceefolchicamarasa\/wp-json\/wp\/v2\/users\/1"}],"replies":[{"embeddable":true,"href":"https:\/\/agora.xtec.cat\/ceefolchicamarasa\/wp-json\/wp\/v2\/comments?post=1316"}],"version-history":[{"count":3,"href":"https:\/\/agora.xtec.cat\/ceefolchicamarasa\/wp-json\/wp\/v2\/posts\/1316\/revisions"}],"predecessor-version":[{"id":1323,"href":"https:\/\/agora.xtec.cat\/ceefolchicamarasa\/wp-json\/wp\/v2\/posts\/1316\/revisions\/1323"}],"wp:attachment":[{"href":"https:\/\/agora.xtec.cat\/ceefolchicamarasa\/wp-json\/wp\/v2\/media?parent=1316"}],"wp:term":[{"taxonomy":"category","embeddable":true,"href":"https:\/\/agora.xtec.cat\/ceefolchicamarasa\/wp-json\/wp\/v2\/categories?post=1316"},{"taxonomy":"post_tag","embeddable":true,"href":"https:\/\/agora.xtec.cat\/ceefolchicamarasa\/wp-json\/wp\/v2\/tags?post=1316"}],"curies":[{"name":"wp","href":"https:\/\/api.w.org\/{rel}","templated":true}]}}