{"id":1269,"date":"2025-05-15T15:33:31","date_gmt":"2025-05-15T13:33:31","guid":{"rendered":"https:\/\/agora.xtec.cat\/ceefolchicamarasa\/?p=1269"},"modified":"2025-06-26T12:22:07","modified_gmt":"2025-06-26T10:22:07","slug":"ja-ha-arribat-la-primavera-i-hem-fet-la-plantada","status":"publish","type":"post","link":"https:\/\/agora.xtec.cat\/ceefolchicamarasa\/general\/ja-ha-arribat-la-primavera-i-hem-fet-la-plantada\/","title":{"rendered":"Ja ha arribat la primavera i hem fet la PLANTADA!"},"content":{"rendered":"<p>Hola fam\u00edlies!<\/p>\n<p>Aquesta setmana hem donat la benvinguda a la primavera fent la PLANTADA. Aix\u00ed que hem sortit al pati, ens n&#8217;hem pujat les m\u00e0nigues i&#8230; a plantar! Primer hem tocat i remenat la terra, despr\u00e9s hem olorat diferents plantes tant arom\u00e0tiques com d&#8217;altres molt vistoses, les hem plantat amb cura i, per acabar, hem regat les jardineres.<\/p>\n<p>Ara continuarem cuidant-les perqu\u00e8 creixin ben fortes!<a href=\"https:\/\/agora.xtec.cat\/ceefolchicamarasa\/wp-content\/uploads\/usu347\/2025\/05\/WhatsApp-Image-2025-05-15-at-15.20.47.jpeg\"><img loading=\"lazy\" decoding=\"async\" class=\"wp-image-1271 aligncenter\" src=\"https:\/\/agora.xtec.cat\/ceefolchicamarasa\/wp-content\/uploads\/usu347\/2025\/05\/WhatsApp-Image-2025-05-15-at-15.20.47.jpeg\" alt=\"\" width=\"438\" height=\"329\" srcset=\"https:\/\/agora.xtec.cat\/ceefolchicamarasa\/wp-content\/uploads\/usu347\/2025\/05\/WhatsApp-Image-2025-05-15-at-15.20.47.jpeg 1600w, https:\/\/agora.xtec.cat\/ceefolchicamarasa\/wp-content\/uploads\/usu347\/2025\/05\/WhatsApp-Image-2025-05-15-at-15.20.47-300x225.jpeg 300w, https:\/\/agora.xtec.cat\/ceefolchicamarasa\/wp-content\/uploads\/usu347\/2025\/05\/WhatsApp-Image-2025-05-15-at-15.20.47-1024x768.jpeg 1024w, https:\/\/agora.xtec.cat\/ceefolchicamarasa\/wp-content\/uploads\/usu347\/2025\/05\/WhatsApp-Image-2025-05-15-at-15.20.47-768x576.jpeg 768w, https:\/\/agora.xtec.cat\/ceefolchicamarasa\/wp-content\/uploads\/usu347\/2025\/05\/WhatsApp-Image-2025-05-15-at-15.20.47-1536x1152.jpeg 1536w, https:\/\/agora.xtec.cat\/ceefolchicamarasa\/wp-content\/uploads\/usu347\/2025\/05\/WhatsApp-Image-2025-05-15-at-15.20.47-200x150.jpeg 200w\" sizes=\"auto, (max-width: 438px) 100vw, 438px\" \/><\/a><\/p>\n","protected":false},"excerpt":{"rendered":"<p>Hola fam\u00edlies!<br \/>\nAquesta setmana hem donat la benvinguda a la primavera fent la PLANTADA. Aix\u00ed que hem sortit al pati, ens n&#8217;hem pujat les m\u00e0nigues i&#8230; a plantar! Primer hem tocat i remenat la terra, despr\u00e9s hem olorat diferents plantes tant arom\u00e0tiques com d&#8217;altres molt vistoses,&hellip;  <a href=\"https:\/\/agora.xtec.cat\/ceefolchicamarasa\/general\/ja-ha-arribat-la-primavera-i-hem-fet-la-plantada\/\" title=\"Read Ja ha arribat la primavera i hem fet la PLANTADA!\">Llegeix m\u00e9s\u00bb<\/a><\/p>\n","protected":false},"author":1,"featured_media":0,"comment_status":"open","ping_status":"closed","sticky":false,"template":"","format":"standard","meta":{"_bbp_topic_count":0,"_bbp_reply_count":0,"_bbp_total_topic_count":0,"_bbp_total_reply_count":0,"_bbp_voice_count":0,"_bbp_anonymous_reply_count":0,"_bbp_topic_count_hidden":0,"_bbp_reply_count_hidden":0,"_bbp_forum_subforum_count":0,"footnotes":""},"categories":[60,1,4],"tags":[],"class_list":["post-1269","post","type-post","status-publish","format-standard","hentry","category-articles","category-general","category-portada"],"post_mailing_queue_ids":[],"_links":{"self":[{"href":"https:\/\/agora.xtec.cat\/ceefolchicamarasa\/wp-json\/wp\/v2\/posts\/1269","targetHints":{"allow":["GET"]}}],"collection":[{"href":"https:\/\/agora.xtec.cat\/ceefolchicamarasa\/wp-json\/wp\/v2\/posts"}],"about":[{"href":"https:\/\/agora.xtec.cat\/ceefolchicamarasa\/wp-json\/wp\/v2\/types\/post"}],"author":[{"embeddable":true,"href":"https:\/\/agora.xtec.cat\/ceefolchicamarasa\/wp-json\/wp\/v2\/users\/1"}],"replies":[{"embeddable":true,"href":"https:\/\/agora.xtec.cat\/ceefolchicamarasa\/wp-json\/wp\/v2\/comments?post=1269"}],"version-history":[{"count":2,"href":"https:\/\/agora.xtec.cat\/ceefolchicamarasa\/wp-json\/wp\/v2\/posts\/1269\/revisions"}],"predecessor-version":[{"id":1326,"href":"https:\/\/agora.xtec.cat\/ceefolchicamarasa\/wp-json\/wp\/v2\/posts\/1269\/revisions\/1326"}],"wp:attachment":[{"href":"https:\/\/agora.xtec.cat\/ceefolchicamarasa\/wp-json\/wp\/v2\/media?parent=1269"}],"wp:term":[{"taxonomy":"category","embeddable":true,"href":"https:\/\/agora.xtec.cat\/ceefolchicamarasa\/wp-json\/wp\/v2\/categories?post=1269"},{"taxonomy":"post_tag","embeddable":true,"href":"https:\/\/agora.xtec.cat\/ceefolchicamarasa\/wp-json\/wp\/v2\/tags?post=1269"}],"curies":[{"name":"wp","href":"https:\/\/api.w.org\/{rel}","templated":true}]}}