{"id":1255,"date":"2025-05-06T11:33:09","date_gmt":"2025-05-06T09:33:09","guid":{"rendered":"https:\/\/agora.xtec.cat\/ceefolchicamarasa\/?p=1255"},"modified":"2025-05-09T15:23:37","modified_gmt":"2025-05-09T13:23:37","slug":"magic-line-sant-joan-de-deu","status":"publish","type":"post","link":"https:\/\/agora.xtec.cat\/ceefolchicamarasa\/general\/magic-line-sant-joan-de-deu\/","title":{"rendered":"Magic Line Obra Social Sant Joan de D\u00e9u"},"content":{"rendered":"<p>Aquest any hem tornat a participar fam\u00edlies i professionals de la caminada solid\u00e0ria de l&#8217;Obra Social Sant Joan de D\u00e9u.<\/p>\n<p>Hem gaudit molt tots plegats compartint aquest moment!<\/p>\n<p>Gr\u00e0cies a l&#8217;AMPA per l&#8217;organitzaci\u00f3.<\/p>\n<p><a href=\"https:\/\/agora.xtec.cat\/ceefolchicamarasa\/wp-content\/uploads\/usu347\/2025\/05\/348BB7A0-5BCA-489D-9F84-85F4B26AB698-scaled.jpg\"><img loading=\"lazy\" decoding=\"async\" class=\"wp-image-1256 aligncenter\" src=\"https:\/\/agora.xtec.cat\/ceefolchicamarasa\/wp-content\/uploads\/usu347\/2025\/05\/348BB7A0-5BCA-489D-9F84-85F4B26AB698-scaled.jpg\" alt=\"\" width=\"430\" height=\"764\" srcset=\"https:\/\/agora.xtec.cat\/ceefolchicamarasa\/wp-content\/uploads\/usu347\/2025\/05\/348BB7A0-5BCA-489D-9F84-85F4B26AB698-scaled.jpg 1440w, https:\/\/agora.xtec.cat\/ceefolchicamarasa\/wp-content\/uploads\/usu347\/2025\/05\/348BB7A0-5BCA-489D-9F84-85F4B26AB698-169x300.jpg 169w, https:\/\/agora.xtec.cat\/ceefolchicamarasa\/wp-content\/uploads\/usu347\/2025\/05\/348BB7A0-5BCA-489D-9F84-85F4B26AB698-576x1024.jpg 576w, https:\/\/agora.xtec.cat\/ceefolchicamarasa\/wp-content\/uploads\/usu347\/2025\/05\/348BB7A0-5BCA-489D-9F84-85F4B26AB698-768x1365.jpg 768w, https:\/\/agora.xtec.cat\/ceefolchicamarasa\/wp-content\/uploads\/usu347\/2025\/05\/348BB7A0-5BCA-489D-9F84-85F4B26AB698-864x1536.jpg 864w, https:\/\/agora.xtec.cat\/ceefolchicamarasa\/wp-content\/uploads\/usu347\/2025\/05\/348BB7A0-5BCA-489D-9F84-85F4B26AB698-1152x2048.jpg 1152w\" sizes=\"auto, (max-width: 430px) 100vw, 430px\" \/><\/a><\/p>\n","protected":false},"excerpt":{"rendered":"<p>Aquest any hem tornat a participar fam\u00edlies i professionals de la caminada solid\u00e0ria de l&#8217;Obra Social Sant Joan de D\u00e9u.<br \/>\nHem gaudit molt tots plegats compartint aquest moment!<br \/>\nGr\u00e0cies a l&#8217;AMPA per l&#8217;organitzaci\u00f3.<br \/>\n<a href=\"https:\/\/agora.xtec.cat\/ceefolchicamarasa\/wp-content\/uploads\/usu347\/2025\/05\/348BB7A0-5BCA-489D-9F84-85F4B26AB698-scaled.jpg\"><\/a><\/p>\n","protected":false},"author":1,"featured_media":0,"comment_status":"open","ping_status":"closed","sticky":false,"template":"","format":"standard","meta":{"_bbp_topic_count":0,"_bbp_reply_count":0,"_bbp_total_topic_count":0,"_bbp_total_reply_count":0,"_bbp_voice_count":0,"_bbp_anonymous_reply_count":0,"_bbp_topic_count_hidden":0,"_bbp_reply_count_hidden":0,"_bbp_forum_subforum_count":0,"footnotes":""},"categories":[7,60,1,4],"tags":[],"class_list":["post-1255","post","type-post","status-publish","format-standard","hentry","category-ampa","category-articles","category-general","category-portada"],"post_mailing_queue_ids":[],"_links":{"self":[{"href":"https:\/\/agora.xtec.cat\/ceefolchicamarasa\/wp-json\/wp\/v2\/posts\/1255","targetHints":{"allow":["GET"]}}],"collection":[{"href":"https:\/\/agora.xtec.cat\/ceefolchicamarasa\/wp-json\/wp\/v2\/posts"}],"about":[{"href":"https:\/\/agora.xtec.cat\/ceefolchicamarasa\/wp-json\/wp\/v2\/types\/post"}],"author":[{"embeddable":true,"href":"https:\/\/agora.xtec.cat\/ceefolchicamarasa\/wp-json\/wp\/v2\/users\/1"}],"replies":[{"embeddable":true,"href":"https:\/\/agora.xtec.cat\/ceefolchicamarasa\/wp-json\/wp\/v2\/comments?post=1255"}],"version-history":[{"count":2,"href":"https:\/\/agora.xtec.cat\/ceefolchicamarasa\/wp-json\/wp\/v2\/posts\/1255\/revisions"}],"predecessor-version":[{"id":1258,"href":"https:\/\/agora.xtec.cat\/ceefolchicamarasa\/wp-json\/wp\/v2\/posts\/1255\/revisions\/1258"}],"wp:attachment":[{"href":"https:\/\/agora.xtec.cat\/ceefolchicamarasa\/wp-json\/wp\/v2\/media?parent=1255"}],"wp:term":[{"taxonomy":"category","embeddable":true,"href":"https:\/\/agora.xtec.cat\/ceefolchicamarasa\/wp-json\/wp\/v2\/categories?post=1255"},{"taxonomy":"post_tag","embeddable":true,"href":"https:\/\/agora.xtec.cat\/ceefolchicamarasa\/wp-json\/wp\/v2\/tags?post=1255"}],"curies":[{"name":"wp","href":"https:\/\/api.w.org\/{rel}","templated":true}]}}