{"id":1230,"date":"2024-11-25T15:22:39","date_gmt":"2024-11-25T14:22:39","guid":{"rendered":"https:\/\/agora.xtec.cat\/ceefolchicamarasa\/?p=1230"},"modified":"2024-11-25T15:24:29","modified_gmt":"2024-11-25T14:24:29","slug":"celebrem-santa-cecilia","status":"publish","type":"post","link":"https:\/\/agora.xtec.cat\/ceefolchicamarasa\/general\/celebrem-santa-cecilia\/","title":{"rendered":"Celebrem Santa Cec\u00edlia"},"content":{"rendered":"<p>Bon dia a tothom!<\/p>\n<p>Avui hem celebrat a l&#8217;escola Santa Cec\u00edlia i han vingut alguns nens i nenes de l&#8217;escola Oriol Martorell que ens han fet un concert. Hem pogut escoltar peces musicals amb diversos instruments, com ara: el viol\u00ed, violoncel, tromb\u00f3, trompeta, saxo, piano, xil\u00f2fon&#8230;<\/p>\n<p>Hem gaudit molt tots i totes i per donar les gr\u00e0cies, hem preparat uns clauers molt especials!<\/p>\n<p><a href=\"https:\/\/agora.xtec.cat\/ceefolchicamarasa\/wp-content\/uploads\/usu347\/2024\/11\/clauer.png\"><img loading=\"lazy\" decoding=\"async\" class=\"wp-image-1232 aligncenter\" src=\"https:\/\/agora.xtec.cat\/ceefolchicamarasa\/wp-content\/uploads\/usu347\/2024\/11\/clauer.png\" alt=\"\" width=\"337\" height=\"241\" srcset=\"https:\/\/agora.xtec.cat\/ceefolchicamarasa\/wp-content\/uploads\/usu347\/2024\/11\/clauer.png 802w, https:\/\/agora.xtec.cat\/ceefolchicamarasa\/wp-content\/uploads\/usu347\/2024\/11\/clauer-300x214.png 300w, https:\/\/agora.xtec.cat\/ceefolchicamarasa\/wp-content\/uploads\/usu347\/2024\/11\/clauer-768x549.png 768w\" sizes=\"auto, (max-width: 337px) 100vw, 337px\" \/><\/a><\/p>\n<p>&nbsp;<\/p>\n<p>&nbsp;<\/p>\n<p>&nbsp;<\/p>\n","protected":false},"excerpt":{"rendered":"<p>Bon dia a tothom!<br \/>\nAvui hem celebrat a l&#8217;escola Santa Cec\u00edlia i han vingut alguns nens i nenes de l&#8217;escola Oriol Martorell que ens han fet un concert. Hem pogut escoltar peces musicals amb diversos instruments, com ara: el viol\u00ed, violoncel, tromb\u00f3, trompeta, saxo, piano, xil\u00f2fon&#8230;<br \/>\nHem&hellip;  <a href=\"https:\/\/agora.xtec.cat\/ceefolchicamarasa\/general\/celebrem-santa-cecilia\/\" title=\"Read Celebrem Santa Cec\u00edlia\">Llegeix m\u00e9s\u00bb<\/a><\/p>\n","protected":false},"author":1,"featured_media":0,"comment_status":"open","ping_status":"closed","sticky":false,"template":"","format":"standard","meta":{"_bbp_topic_count":0,"_bbp_reply_count":0,"_bbp_total_topic_count":0,"_bbp_total_reply_count":0,"_bbp_voice_count":0,"_bbp_anonymous_reply_count":0,"_bbp_topic_count_hidden":0,"_bbp_reply_count_hidden":0,"_bbp_forum_subforum_count":0,"footnotes":""},"categories":[60,1,4],"tags":[],"class_list":["post-1230","post","type-post","status-publish","format-standard","hentry","category-articles","category-general","category-portada"],"post_mailing_queue_ids":[],"_links":{"self":[{"href":"https:\/\/agora.xtec.cat\/ceefolchicamarasa\/wp-json\/wp\/v2\/posts\/1230","targetHints":{"allow":["GET"]}}],"collection":[{"href":"https:\/\/agora.xtec.cat\/ceefolchicamarasa\/wp-json\/wp\/v2\/posts"}],"about":[{"href":"https:\/\/agora.xtec.cat\/ceefolchicamarasa\/wp-json\/wp\/v2\/types\/post"}],"author":[{"embeddable":true,"href":"https:\/\/agora.xtec.cat\/ceefolchicamarasa\/wp-json\/wp\/v2\/users\/1"}],"replies":[{"embeddable":true,"href":"https:\/\/agora.xtec.cat\/ceefolchicamarasa\/wp-json\/wp\/v2\/comments?post=1230"}],"version-history":[{"count":1,"href":"https:\/\/agora.xtec.cat\/ceefolchicamarasa\/wp-json\/wp\/v2\/posts\/1230\/revisions"}],"predecessor-version":[{"id":1233,"href":"https:\/\/agora.xtec.cat\/ceefolchicamarasa\/wp-json\/wp\/v2\/posts\/1230\/revisions\/1233"}],"wp:attachment":[{"href":"https:\/\/agora.xtec.cat\/ceefolchicamarasa\/wp-json\/wp\/v2\/media?parent=1230"}],"wp:term":[{"taxonomy":"category","embeddable":true,"href":"https:\/\/agora.xtec.cat\/ceefolchicamarasa\/wp-json\/wp\/v2\/categories?post=1230"},{"taxonomy":"post_tag","embeddable":true,"href":"https:\/\/agora.xtec.cat\/ceefolchicamarasa\/wp-json\/wp\/v2\/tags?post=1230"}],"curies":[{"name":"wp","href":"https:\/\/api.w.org\/{rel}","templated":true}]}}