{"id":120,"date":"2014-09-19T11:53:39","date_gmt":"2014-09-19T11:53:39","guid":{"rendered":"http:\/\/agora.xtec.cat\/ceefolchicamarasa\/?p=120"},"modified":"2020-05-19T15:21:17","modified_gmt":"2020-05-19T13:21:17","slug":"noticia-6","status":"publish","type":"post","link":"https:\/\/agora.xtec.cat\/ceefolchicamarasa\/general\/noticia-6\/","title":{"rendered":"Dues mares del Folch surten a l&#8217;Hormiguero"},"content":{"rendered":"<p style=\"text-align: justify;\"><iframe loading=\"lazy\" src=\"\/\/www.youtube.com\/embed\/Kxv_lJPUzog\" width=\"373\" height=\"373\"><\/iframe><\/p>\n<p style=\"text-align: justify;\">Dues fam\u00edlies del Folch participen en un v\u00eddeo de la productora Dulcinea, per a l&#8217;Hormiguero d&#8217;Antena3 tv. El projecte mostra les mares explicant com s\u00f3n els seus fills i filles a d&#8217;altres mares. Gr\u00e0cies a\u00a0aquestes mares\u00a0per ser tan valentes.<\/p>\n","protected":false},"excerpt":{"rendered":"<p>Dues fam\u00edlies del Folch participen en un v\u00eddeo de la productora Dulcinea, per a l&#8217;Hormiguero d&#8217;Antena3 tv. El projecte mostra les mares explicant com s\u00f3n els seus fills i filles a d&#8217;altres mares. Gr\u00e0cies a\u00a0aquestes mares\u00a0per ser tan valentes.<\/p>\n","protected":false},"author":1,"featured_media":0,"comment_status":"open","ping_status":"closed","sticky":false,"template":"","format":"standard","meta":{"_bbp_topic_count":0,"_bbp_reply_count":0,"_bbp_total_topic_count":0,"_bbp_total_reply_count":0,"_bbp_voice_count":0,"_bbp_anonymous_reply_count":0,"_bbp_topic_count_hidden":0,"_bbp_reply_count_hidden":0,"_bbp_forum_subforum_count":0,"footnotes":""},"categories":[60,1],"tags":[23,25,24],"class_list":["post-120","post","type-post","status-publish","format-standard","hentry","category-articles","category-general","tag-families","tag-hormiguero","tag-videos"],"post_mailing_queue_ids":[],"_links":{"self":[{"href":"https:\/\/agora.xtec.cat\/ceefolchicamarasa\/wp-json\/wp\/v2\/posts\/120","targetHints":{"allow":["GET"]}}],"collection":[{"href":"https:\/\/agora.xtec.cat\/ceefolchicamarasa\/wp-json\/wp\/v2\/posts"}],"about":[{"href":"https:\/\/agora.xtec.cat\/ceefolchicamarasa\/wp-json\/wp\/v2\/types\/post"}],"author":[{"embeddable":true,"href":"https:\/\/agora.xtec.cat\/ceefolchicamarasa\/wp-json\/wp\/v2\/users\/1"}],"replies":[{"embeddable":true,"href":"https:\/\/agora.xtec.cat\/ceefolchicamarasa\/wp-json\/wp\/v2\/comments?post=120"}],"version-history":[{"count":4,"href":"https:\/\/agora.xtec.cat\/ceefolchicamarasa\/wp-json\/wp\/v2\/posts\/120\/revisions"}],"predecessor-version":[{"id":358,"href":"https:\/\/agora.xtec.cat\/ceefolchicamarasa\/wp-json\/wp\/v2\/posts\/120\/revisions\/358"}],"wp:attachment":[{"href":"https:\/\/agora.xtec.cat\/ceefolchicamarasa\/wp-json\/wp\/v2\/media?parent=120"}],"wp:term":[{"taxonomy":"category","embeddable":true,"href":"https:\/\/agora.xtec.cat\/ceefolchicamarasa\/wp-json\/wp\/v2\/categories?post=120"},{"taxonomy":"post_tag","embeddable":true,"href":"https:\/\/agora.xtec.cat\/ceefolchicamarasa\/wp-json\/wp\/v2\/tags?post=120"}],"curies":[{"name":"wp","href":"https:\/\/api.w.org\/{rel}","templated":true}]}}