{"id":115,"date":"2015-03-19T11:51:44","date_gmt":"2015-03-19T10:51:44","guid":{"rendered":"http:\/\/agora.xtec.cat\/ceefolchicamarasa\/?p=115"},"modified":"2020-05-19T15:20:43","modified_gmt":"2020-05-19T13:20:43","slug":"noticia-5","status":"publish","type":"post","link":"https:\/\/agora.xtec.cat\/ceefolchicamarasa\/general\/noticia-5\/","title":{"rendered":"Participaci\u00f3 en la III edici\u00f3 dels premis DUDHU"},"content":{"rendered":"<p style=\"text-align: justify;\"><iframe loading=\"lazy\" src=\"\/\/www.youtube.com\/embed\/LZwKWsLuQM8\" width=\"425\" height=\"373\"><\/iframe><\/p>\n<p style=\"text-align: justify;\">L&#8217;escola va participar al 2011 en la III edici\u00f3 dels premis Dudhu. Aquell any la tem\u00e0tica girava entorn el primer article de la Declaraci\u00f3 dels Drets Humans:<\/p>\n<p>&#8220;Tots els sers humans neixen llibres i iguals en dignitat i drets i, dotats com estan de ra\u00f3 i consci\u00e8ncia, deuen comportar-se fraternalment els uns amb els altres&#8221;<\/p>\n<p>A partir d&#8217;aquest article cada aula va treballar de manera diferent i, adaptada a cada alumne, com pod\u00edem mostrar l&#8217;estimaci\u00f3 cap\u00a0a una altra persona; amb petons, abra\u00e7ades, salutacions, etc.<\/p>\n<p>El grup dels grans va elaborar un conte en braille amb La can\u00e7\u00f3 de la Felicitat. La resta d&#8217;aules van elaborar diferents manualitats. En aquest v\u00eddeo es reflecteix el clima d&#8217;amor i de cel\u00b7lebraci\u00f3 que vam crear entre tots.<\/p>\n","protected":false},"excerpt":{"rendered":"<p style=\"text-align: justify;\"><iframe loading=\"lazy\" src=\"\/\/www.youtube.com\/embed\/LZwKWsLuQM8\" width=\"425\" height=\"373\"><\/iframe><\/p>\n<p>L&#8217;escola va participar al 2011 en la III edici\u00f3 dels premis Dudhu. Aquell any la tem\u00e0tica girava entorn el primer article de la Declaraci\u00f3 dels Drets Humans:<\/p>\n<p>&#8220;Tots els sers humans neixen llibres i iguals en dignitat i drets i, dotats com estan de ra\u00f3 i consci\u00e8ncia, deuen comportar-se fraternalment els uns amb els altres&#8221;&hellip;  <a href=\"https:\/\/agora.xtec.cat\/ceefolchicamarasa\/general\/noticia-5\/\" title=\"Read Participaci\u00f3 en la III edici\u00f3 dels premis DUDHU\">Llegeix m\u00e9s\u00bb<\/a><\/p>\n","protected":false},"author":1,"featured_media":0,"comment_status":"open","ping_status":"closed","sticky":false,"template":"","format":"standard","meta":{"_bbp_topic_count":0,"_bbp_reply_count":0,"_bbp_total_topic_count":0,"_bbp_total_reply_count":0,"_bbp_voice_count":0,"_bbp_anonymous_reply_count":0,"_bbp_topic_count_hidden":0,"_bbp_reply_count_hidden":0,"_bbp_forum_subforum_count":0,"footnotes":""},"categories":[60,1],"tags":[26,27,24],"class_list":["post-115","post","type-post","status-publish","format-standard","hentry","category-articles","category-general","tag-drets-humans","tag-premis","tag-videos"],"post_mailing_queue_ids":[],"_links":{"self":[{"href":"https:\/\/agora.xtec.cat\/ceefolchicamarasa\/wp-json\/wp\/v2\/posts\/115","targetHints":{"allow":["GET"]}}],"collection":[{"href":"https:\/\/agora.xtec.cat\/ceefolchicamarasa\/wp-json\/wp\/v2\/posts"}],"about":[{"href":"https:\/\/agora.xtec.cat\/ceefolchicamarasa\/wp-json\/wp\/v2\/types\/post"}],"author":[{"embeddable":true,"href":"https:\/\/agora.xtec.cat\/ceefolchicamarasa\/wp-json\/wp\/v2\/users\/1"}],"replies":[{"embeddable":true,"href":"https:\/\/agora.xtec.cat\/ceefolchicamarasa\/wp-json\/wp\/v2\/comments?post=115"}],"version-history":[{"count":5,"href":"https:\/\/agora.xtec.cat\/ceefolchicamarasa\/wp-json\/wp\/v2\/posts\/115\/revisions"}],"predecessor-version":[{"id":407,"href":"https:\/\/agora.xtec.cat\/ceefolchicamarasa\/wp-json\/wp\/v2\/posts\/115\/revisions\/407"}],"wp:attachment":[{"href":"https:\/\/agora.xtec.cat\/ceefolchicamarasa\/wp-json\/wp\/v2\/media?parent=115"}],"wp:term":[{"taxonomy":"category","embeddable":true,"href":"https:\/\/agora.xtec.cat\/ceefolchicamarasa\/wp-json\/wp\/v2\/categories?post=115"},{"taxonomy":"post_tag","embeddable":true,"href":"https:\/\/agora.xtec.cat\/ceefolchicamarasa\/wp-json\/wp\/v2\/tags?post=115"}],"curies":[{"name":"wp","href":"https:\/\/api.w.org\/{rel}","templated":true}]}}