{"id":1008,"date":"2023-06-26T10:56:03","date_gmt":"2023-06-26T08:56:03","guid":{"rendered":"https:\/\/agora.xtec.cat\/ceefolchicamarasa\/?p=1008"},"modified":"2023-06-29T11:31:02","modified_gmt":"2023-06-29T09:31:02","slug":"acomiadem-el-curs-2022-2023","status":"publish","type":"post","link":"https:\/\/agora.xtec.cat\/ceefolchicamarasa\/general\/acomiadem-el-curs-2022-2023\/","title":{"rendered":"ACOMIADEM EL CURS 2022-2023"},"content":{"rendered":"<p>Tanquem el curs 22-23 amb alegria, celebrant i caminant junts per la vida. Ha sigut un curs ple de colors, somriures compartits, aprenentatges, reptes i emocions. Aquest v\u00eddeo \u00e9s un recull d&#8217;aquests petits moments viscuts.<\/p>\n<p>&nbsp;<\/p>\n<h1>Aqu\u00ed podeu visualitzar el v\u00eddeo: <a href=\"https:\/\/drive.google.com\/file\/d\/11PXoEPmBSCwVIZmELBboI6LvVwcwXfW9\/view?usp=share_link\">Per la vida!<\/a><\/h1>\n<p>Can\u00e7\u00f3 cedida pels incre\u00efbles Manel i J\u00falia.<\/p>\n<p>Especial agra\u00efment a l&#8217;\u00d3scar Garc\u00eda que ha gravat i editat aquest meravell\u00f3s v\u00eddeo, que ens ha dedicat el seu temps, la seva bonica mirada i la seva professionalitat.<\/p>\n","protected":false},"excerpt":{"rendered":"<p>Tanquem el curs 22-23 amb alegria, celebrant i caminant junts per la vida. Ha sigut un curs ple de colors, somriures compartits, aprenentatges, reptes i emocions. Aquest v\u00eddeo \u00e9s un recull d&#8217;aquests petits moments viscuts.<br \/>\n&nbsp;<br \/>\nAqu\u00ed podeu visualitzar el v\u00eddeo: <a href=\"https:\/\/drive.google.com\/file\/d\/11PXoEPmBSCwVIZmELBboI6LvVwcwXfW9\/view?usp=share_link\">Per la vida!<\/a><br \/>\nCan\u00e7\u00f3 cedida pels&hellip;  <a href=\"https:\/\/agora.xtec.cat\/ceefolchicamarasa\/general\/acomiadem-el-curs-2022-2023\/\" title=\"Read ACOMIADEM EL CURS 2022-2023\">Llegeix m\u00e9s\u00bb<\/a><\/p>\n","protected":false},"author":1,"featured_media":0,"comment_status":"open","ping_status":"closed","sticky":false,"template":"","format":"standard","meta":{"_bbp_topic_count":0,"_bbp_reply_count":0,"_bbp_total_topic_count":0,"_bbp_total_reply_count":0,"_bbp_voice_count":0,"_bbp_anonymous_reply_count":0,"_bbp_topic_count_hidden":0,"_bbp_reply_count_hidden":0,"_bbp_forum_subforum_count":0,"footnotes":""},"categories":[60,1,4],"tags":[],"class_list":["post-1008","post","type-post","status-publish","format-standard","hentry","category-articles","category-general","category-portada"],"post_mailing_queue_ids":[],"_links":{"self":[{"href":"https:\/\/agora.xtec.cat\/ceefolchicamarasa\/wp-json\/wp\/v2\/posts\/1008","targetHints":{"allow":["GET"]}}],"collection":[{"href":"https:\/\/agora.xtec.cat\/ceefolchicamarasa\/wp-json\/wp\/v2\/posts"}],"about":[{"href":"https:\/\/agora.xtec.cat\/ceefolchicamarasa\/wp-json\/wp\/v2\/types\/post"}],"author":[{"embeddable":true,"href":"https:\/\/agora.xtec.cat\/ceefolchicamarasa\/wp-json\/wp\/v2\/users\/1"}],"replies":[{"embeddable":true,"href":"https:\/\/agora.xtec.cat\/ceefolchicamarasa\/wp-json\/wp\/v2\/comments?post=1008"}],"version-history":[{"count":4,"href":"https:\/\/agora.xtec.cat\/ceefolchicamarasa\/wp-json\/wp\/v2\/posts\/1008\/revisions"}],"predecessor-version":[{"id":1133,"href":"https:\/\/agora.xtec.cat\/ceefolchicamarasa\/wp-json\/wp\/v2\/posts\/1008\/revisions\/1133"}],"wp:attachment":[{"href":"https:\/\/agora.xtec.cat\/ceefolchicamarasa\/wp-json\/wp\/v2\/media?parent=1008"}],"wp:term":[{"taxonomy":"category","embeddable":true,"href":"https:\/\/agora.xtec.cat\/ceefolchicamarasa\/wp-json\/wp\/v2\/categories?post=1008"},{"taxonomy":"post_tag","embeddable":true,"href":"https:\/\/agora.xtec.cat\/ceefolchicamarasa\/wp-json\/wp\/v2\/tags?post=1008"}],"curies":[{"name":"wp","href":"https:\/\/api.w.org\/{rel}","templated":true}]}}