{"id":4,"count":22,"description":"<p style=\"text-align: justify;\">EL CEE \u201cFOLCH I CAMARASA\u201d \u00e9s una escola p\u00fablica <strong>\u00fanica<\/strong> per la seva especificitat: ATENCI\u00d3 EDUCATIVA A L\u2019ALUMNAT AMB DISCAPACITAT VISUAL I TGD\/TEA, AMB D\u2019ALTRES DISCAPACITATS (auditiva- sordceguesa, cognitiva i\/o motriu).<\/p>","link":"https:\/\/agora.xtec.cat\/ceefolchicamarasa\/categoria\/portada\/","name":"Portada","slug":"portada","taxonomy":"category","parent":0,"meta":[],"_links":{"self":[{"href":"https:\/\/agora.xtec.cat\/ceefolchicamarasa\/wp-json\/wp\/v2\/categories\/4","targetHints":{"allow":["GET"]}}],"collection":[{"href":"https:\/\/agora.xtec.cat\/ceefolchicamarasa\/wp-json\/wp\/v2\/categories"}],"about":[{"href":"https:\/\/agora.xtec.cat\/ceefolchicamarasa\/wp-json\/wp\/v2\/taxonomies\/category"}],"wp:post_type":[{"href":"https:\/\/agora.xtec.cat\/ceefolchicamarasa\/wp-json\/wp\/v2\/posts?categories=4"}],"curies":[{"name":"wp","href":"https:\/\/api.w.org\/{rel}","templated":true}]}}