{"id":3702,"date":"2025-03-11T09:10:54","date_gmt":"2025-03-11T08:10:54","guid":{"rendered":"https:\/\/agora.xtec.cat\/ceebalmes2\/?p=3702"},"modified":"2025-03-11T09:12:11","modified_gmt":"2025-03-11T08:12:11","slug":"preinscripcions-curs-25-26","status":"publish","type":"post","link":"https:\/\/agora.xtec.cat\/ceebalmes2\/general\/preinscripcions-curs-25-26\/","title":{"rendered":"PREINSCRIPCIONS CURS 25-26"},"content":{"rendered":"<p>Dem\u00e0 comen\u00e7a el per\u00edode de preinscripcions pel proper curs 25-26. Es podran realitzar entre el 12 i el 26 de mar\u00e7, i existeixen diferents formes de fer-ho:<\/p>\n<ol>\n<li><strong>De forma presencial al Registre de Serveis Territorials d&#8217;Ensenyament del Baix Llobregat<\/strong><\/li>\n<\/ol>\n<p>La direcci\u00f3 per anar-hi \u00e9s C<span class=\"OYPEnA font-feature-liga-off font-feature-clig-off font-feature-calt-off text-decoration-none text-strikethrough-none\">arrer Laure\u00e0 Mir\u00f3, 328, Sant Feliu de Llobregat. L&#8217;horari \u00e9s de 9 a 14h i no cal demanar cita pr\u00e8via.\u00a0<\/span><\/p>\n<p>2. <strong>Al centre d&#8217;educaci\u00f3<\/strong><\/p>\n<p><span class=\"OYPEnA font-feature-liga-off font-feature-clig-off font-feature-calt-off text-decoration-none text-strikethrough-none\">Trucant a l\u2019escola, al 93 640 04 20, on podreu rebre la informaci\u00f3 per tramitar la sol\u00b7licitud.<\/span><\/p>\n<p>3.<strong> Per internet<\/strong><\/p>\n<p>Realitzant-la per petici\u00f3 gen\u00e8rica en aquest <a href=\"https:\/\/web.gencat.cat\/ca\/tramits\/tramits-temes\/Peticio-generica\">enlla\u00e7<\/a>. Podeu realitzar-la amb signatura electr\u00f2nica o sense. Haureu de tenir en compte les seg\u00fcents q\u00fcestions:<\/p>\n<ul>\n<li>\n<p class=\"cvGsUA direction-ltr align-justify para-style-body\"><span class=\"OYPEnA font-feature-liga-off font-feature-clig-off font-feature-calt-off text-decoration-none text-strikethrough-none\">Podeu fer-ho amb signatura electr\u00f2nica o sense (fent clic a \u201cinicia\u201d)<\/span><\/p>\n<\/li>\n<li>\n<p class=\"cvGsUA direction-ltr align-justify para-style-body\"><span class=\"OYPEnA font-feature-liga-off font-feature-clig-off font-feature-calt-off text-decoration-none text-strikethrough-none\">\u00c9s important omplir totes les dades i adjuntar els documents: dni sol\u00b7licitant, dni alumne\/a i llibre de fam\u00edlia.<\/span><\/p>\n<\/li>\n<li>A &#8220;Assumpte&#8221; heu d&#8217;especificar: Preinscripci\u00f3 25-26 escola d&#8217;Educaci\u00f3 Especial.<\/li>\n<li>A &#8220;On va adre\u00e7ada&#8221; heu de seleccionar de la casella &#8220;Destinatari&#8221;: Departament d&#8217;Educaci\u00f3 i Formaci\u00f3 Professional Baix Llobregat.<\/li>\n<\/ul>\n<p>Quan tot est\u00e0 omplert, cal desar l&#8217;esborrany i ENVIAR.<\/p>\n<p>A continuaci\u00f3 us adjuntem el full de sol\u00b7licitud: <a href=\"https:\/\/agora.xtec.cat\/ceebalmes2\/wp-content\/uploads\/usu1973\/2025\/03\/FORMULARI-PREINSCRIPCIONS-25-26-1.pdf\">FORMULARI PREINSCRIPCIONS 25-26<\/a><\/p>\n","protected":false},"excerpt":{"rendered":"<p>Dem\u00e0 comen\u00e7a el per\u00edode de preinscripcions pel proper curs 25-26. Es podran realitzar entre el 12 i el 26 de mar\u00e7, i existeixen diferents formes de fer-ho:<\/p>\n<ol>\n<li>De forma presencial al Registre de Serveis Territorials d&#8217;Ensenyament del Baix Llobregat<\/li>\n<\/ol>\n<p>La direcci\u00f3 per anar-hi \u00e9s Carrer Laure\u00e0 Mir\u00f3,&hellip;  <a href=\"https:\/\/agora.xtec.cat\/ceebalmes2\/general\/preinscripcions-curs-25-26\/\" title=\"Read PREINSCRIPCIONS CURS 25-26\">Llegeix m\u00e9s\u00bb<\/a><\/p>\n","protected":false},"author":1,"featured_media":0,"comment_status":"open","ping_status":"closed","sticky":false,"template":"","format":"standard","meta":{"_bbp_topic_count":0,"_bbp_reply_count":0,"_bbp_total_topic_count":0,"_bbp_total_reply_count":0,"_bbp_voice_count":0,"_bbp_anonymous_reply_count":0,"_bbp_topic_count_hidden":0,"_bbp_reply_count_hidden":0,"_bbp_forum_subforum_count":0,"footnotes":""},"categories":[59,1],"tags":[],"class_list":["post-3702","post","type-post","status-publish","format-standard","hentry","category-cee-balmes-ii","category-general"],"post_mailing_queue_ids":[],"_links":{"self":[{"href":"https:\/\/agora.xtec.cat\/ceebalmes2\/wp-json\/wp\/v2\/posts\/3702","targetHints":{"allow":["GET"]}}],"collection":[{"href":"https:\/\/agora.xtec.cat\/ceebalmes2\/wp-json\/wp\/v2\/posts"}],"about":[{"href":"https:\/\/agora.xtec.cat\/ceebalmes2\/wp-json\/wp\/v2\/types\/post"}],"author":[{"embeddable":true,"href":"https:\/\/agora.xtec.cat\/ceebalmes2\/wp-json\/wp\/v2\/users\/1"}],"replies":[{"embeddable":true,"href":"https:\/\/agora.xtec.cat\/ceebalmes2\/wp-json\/wp\/v2\/comments?post=3702"}],"version-history":[{"count":2,"href":"https:\/\/agora.xtec.cat\/ceebalmes2\/wp-json\/wp\/v2\/posts\/3702\/revisions"}],"predecessor-version":[{"id":3706,"href":"https:\/\/agora.xtec.cat\/ceebalmes2\/wp-json\/wp\/v2\/posts\/3702\/revisions\/3706"}],"wp:attachment":[{"href":"https:\/\/agora.xtec.cat\/ceebalmes2\/wp-json\/wp\/v2\/media?parent=3702"}],"wp:term":[{"taxonomy":"category","embeddable":true,"href":"https:\/\/agora.xtec.cat\/ceebalmes2\/wp-json\/wp\/v2\/categories?post=3702"},{"taxonomy":"post_tag","embeddable":true,"href":"https:\/\/agora.xtec.cat\/ceebalmes2\/wp-json\/wp\/v2\/tags?post=3702"}],"curies":[{"name":"wp","href":"https:\/\/api.w.org\/{rel}","templated":true}]}}