{"id":3610,"date":"2024-12-03T18:01:55","date_gmt":"2024-12-03T17:01:55","guid":{"rendered":"https:\/\/agora.xtec.cat\/ceebalmes2\/?p=3610"},"modified":"2024-12-03T18:06:28","modified_gmt":"2024-12-03T17:06:28","slug":"fira-dentitats-2024","status":"publish","type":"post","link":"https:\/\/agora.xtec.cat\/ceebalmes2\/general\/fira-dentitats-2024\/","title":{"rendered":"Fira d&#8217;entitats 2024"},"content":{"rendered":"<p style=\"text-align: justify;\">Avui s\u2019ha celebrat la Fira d\u2019Entitats per commemorar el Dia Internacional de les persones amb discapacitat, que se celebra el pr\u00f2xim 3 de desembre.<\/p>\n<p style=\"text-align: justify;\">Hem passat el mat\u00ed a la nostra paradeta a la pla\u00e7a de la Rep\u00fablica, ens ha encantat veure-us! Gr\u00e0cies a tothom qui s\u2019ha apropat a saludar-nos i a adquirir les produccions que amb tanta dedicaci\u00f3 s\u2019han elaborat a l\u2019escola amb l\u2019ajuda de tot l\u2019alumnat del centre \ud83c\udfa8\ud83d\ude42<\/p>\n<p style=\"text-align: left;\">Cliqueu abaix per veure-ho tot!<br \/>\n<a href=\"https:\/\/www.instagram.com\/reel\/DC_27tssFsm\/?igsh=M3cxYnlhOXNkaHZ4\" target=\"_blank\" rel=\"noopener\">Fira entitats 2024<\/a><\/p>\n","protected":false},"excerpt":{"rendered":"<p>Avui s\u2019ha celebrat la Fira d\u2019Entitats per commemorar el Dia Internacional de les persones amb discapacitat, que se celebra el pr\u00f2xim 3 de desembre.<br \/>\nHem passat el mat\u00ed a la nostra paradeta a la pla\u00e7a de la Rep\u00fablica, ens ha encantat veure-us! Gr\u00e0cies a tothom qui&hellip;  <a href=\"https:\/\/agora.xtec.cat\/ceebalmes2\/general\/fira-dentitats-2024\/\" title=\"Read Fira d&#8217;entitats 2024\">Llegeix m\u00e9s\u00bb<\/a><\/p>\n","protected":false},"author":1,"featured_media":0,"comment_status":"open","ping_status":"closed","sticky":false,"template":"","format":"standard","meta":{"_bbp_topic_count":0,"_bbp_reply_count":0,"_bbp_total_topic_count":0,"_bbp_total_reply_count":0,"_bbp_voice_count":0,"_bbp_anonymous_reply_count":0,"_bbp_topic_count_hidden":0,"_bbp_reply_count_hidden":0,"_bbp_forum_subforum_count":0,"footnotes":""},"categories":[59,1],"tags":[99,175,123],"class_list":["post-3610","post","type-post","status-publish","format-standard","hentry","category-cee-balmes-ii","category-general","tag-altres-propostes-educatives","tag-dia-mundial-persones-amb-discapacitat","tag-fira-entitats"],"post_mailing_queue_ids":[],"_links":{"self":[{"href":"https:\/\/agora.xtec.cat\/ceebalmes2\/wp-json\/wp\/v2\/posts\/3610","targetHints":{"allow":["GET"]}}],"collection":[{"href":"https:\/\/agora.xtec.cat\/ceebalmes2\/wp-json\/wp\/v2\/posts"}],"about":[{"href":"https:\/\/agora.xtec.cat\/ceebalmes2\/wp-json\/wp\/v2\/types\/post"}],"author":[{"embeddable":true,"href":"https:\/\/agora.xtec.cat\/ceebalmes2\/wp-json\/wp\/v2\/users\/1"}],"replies":[{"embeddable":true,"href":"https:\/\/agora.xtec.cat\/ceebalmes2\/wp-json\/wp\/v2\/comments?post=3610"}],"version-history":[{"count":2,"href":"https:\/\/agora.xtec.cat\/ceebalmes2\/wp-json\/wp\/v2\/posts\/3610\/revisions"}],"predecessor-version":[{"id":3612,"href":"https:\/\/agora.xtec.cat\/ceebalmes2\/wp-json\/wp\/v2\/posts\/3610\/revisions\/3612"}],"wp:attachment":[{"href":"https:\/\/agora.xtec.cat\/ceebalmes2\/wp-json\/wp\/v2\/media?parent=3610"}],"wp:term":[{"taxonomy":"category","embeddable":true,"href":"https:\/\/agora.xtec.cat\/ceebalmes2\/wp-json\/wp\/v2\/categories?post=3610"},{"taxonomy":"post_tag","embeddable":true,"href":"https:\/\/agora.xtec.cat\/ceebalmes2\/wp-json\/wp\/v2\/tags?post=3610"}],"curies":[{"name":"wp","href":"https:\/\/api.w.org\/{rel}","templated":true}]}}