{"id":3569,"date":"2024-10-14T18:01:53","date_gmt":"2024-10-14T16:01:53","guid":{"rendered":"https:\/\/agora.xtec.cat\/ceebalmes2\/?p=3569"},"modified":"2024-10-14T18:01:53","modified_gmt":"2024-10-14T16:01:53","slug":"en-marxa-per-la-paralisi-cerebral-2024","status":"publish","type":"post","link":"https:\/\/agora.xtec.cat\/ceebalmes2\/general\/en-marxa-per-la-paralisi-cerebral-2024\/","title":{"rendered":"&#8220;EN MARXA PER LA PAR\u00c0LISI CEREBRAL&#8221; 2024"},"content":{"rendered":"<p>Ahir es va celebrar la 12\u00aa edici\u00f3 de la cursa &#8220;En marxa per la par\u00e0lisi cerebral&#8221; organitzada per la FEPCCAT en favor de les persones amb par\u00e0lisi cerebral i pluridiscacitat.<\/p>\n<p>Es va viure un mat\u00ed molt emocionant, amb m\u00e9s de 3000 persones que van omplir el carrer amb un objectiu com\u00fa: lluitar i reivindicar la integraci\u00f3 de les persones amb discapacitat, promoure la igualtat d&#8217;oportunitats i sensibilitzar a la societat amb la visibilitzaci\u00f3 de les capacitats d&#8217;aquest col\u00b7lectiu.<\/p>\n<p>Ens tornarem a veure el proper any!<\/p>\n<p><img loading=\"lazy\" decoding=\"async\" class=\"alignnone size-medium wp-image-3571\" src=\"https:\/\/agora.xtec.cat\/ceebalmes2\/wp-content\/uploads\/usu1973\/2024\/10\/24bf0e9e-c925-4297-950c-72f5349db726-300x300.jpg\" alt=\"\" width=\"300\" height=\"300\" srcset=\"https:\/\/agora.xtec.cat\/ceebalmes2\/wp-content\/uploads\/usu1973\/2024\/10\/24bf0e9e-c925-4297-950c-72f5349db726-300x300.jpg 300w, https:\/\/agora.xtec.cat\/ceebalmes2\/wp-content\/uploads\/usu1973\/2024\/10\/24bf0e9e-c925-4297-950c-72f5349db726-1024x1024.jpg 1024w, https:\/\/agora.xtec.cat\/ceebalmes2\/wp-content\/uploads\/usu1973\/2024\/10\/24bf0e9e-c925-4297-950c-72f5349db726-150x150.jpg 150w, https:\/\/agora.xtec.cat\/ceebalmes2\/wp-content\/uploads\/usu1973\/2024\/10\/24bf0e9e-c925-4297-950c-72f5349db726-768x768.jpg 768w, https:\/\/agora.xtec.cat\/ceebalmes2\/wp-content\/uploads\/usu1973\/2024\/10\/24bf0e9e-c925-4297-950c-72f5349db726.jpg 1536w\" sizes=\"auto, (max-width: 300px) 100vw, 300px\" \/><img loading=\"lazy\" decoding=\"async\" class=\"alignnone size-medium wp-image-3572\" src=\"https:\/\/agora.xtec.cat\/ceebalmes2\/wp-content\/uploads\/usu1973\/2024\/10\/fa4ff9cd-4ec3-4cea-bbb4-e9071910068c-225x300.jpg\" alt=\"\" width=\"225\" height=\"300\" srcset=\"https:\/\/agora.xtec.cat\/ceebalmes2\/wp-content\/uploads\/usu1973\/2024\/10\/fa4ff9cd-4ec3-4cea-bbb4-e9071910068c-225x300.jpg 225w, https:\/\/agora.xtec.cat\/ceebalmes2\/wp-content\/uploads\/usu1973\/2024\/10\/fa4ff9cd-4ec3-4cea-bbb4-e9071910068c-768x1024.jpg 768w, https:\/\/agora.xtec.cat\/ceebalmes2\/wp-content\/uploads\/usu1973\/2024\/10\/fa4ff9cd-4ec3-4cea-bbb4-e9071910068c-1152x1536.jpg 1152w, https:\/\/agora.xtec.cat\/ceebalmes2\/wp-content\/uploads\/usu1973\/2024\/10\/fa4ff9cd-4ec3-4cea-bbb4-e9071910068c.jpg 1200w\" sizes=\"auto, (max-width: 225px) 100vw, 225px\" \/><img loading=\"lazy\" decoding=\"async\" class=\"alignnone size-medium wp-image-3573\" src=\"https:\/\/agora.xtec.cat\/ceebalmes2\/wp-content\/uploads\/usu1973\/2024\/10\/f97bf726-31c2-4d76-ba3b-61fa9484033f-225x300.jpg\" alt=\"\" width=\"225\" height=\"300\" srcset=\"https:\/\/agora.xtec.cat\/ceebalmes2\/wp-content\/uploads\/usu1973\/2024\/10\/f97bf726-31c2-4d76-ba3b-61fa9484033f-225x300.jpg 225w, https:\/\/agora.xtec.cat\/ceebalmes2\/wp-content\/uploads\/usu1973\/2024\/10\/f97bf726-31c2-4d76-ba3b-61fa9484033f-768x1024.jpg 768w, https:\/\/agora.xtec.cat\/ceebalmes2\/wp-content\/uploads\/usu1973\/2024\/10\/f97bf726-31c2-4d76-ba3b-61fa9484033f-1152x1536.jpg 1152w, https:\/\/agora.xtec.cat\/ceebalmes2\/wp-content\/uploads\/usu1973\/2024\/10\/f97bf726-31c2-4d76-ba3b-61fa9484033f.jpg 1200w\" sizes=\"auto, (max-width: 225px) 100vw, 225px\" \/><\/p>\n","protected":false},"excerpt":{"rendered":"<p>Ahir es va celebrar la 12\u00aa edici\u00f3 de la cursa &#8220;En marxa per la par\u00e0lisi cerebral&#8221; organitzada per la FEPCCAT en favor de les persones amb par\u00e0lisi cerebral i pluridiscacitat.<br \/>\nEs va viure un mat\u00ed molt emocionant, amb m\u00e9s de 3000 persones que van omplir el&hellip;  <a href=\"https:\/\/agora.xtec.cat\/ceebalmes2\/general\/en-marxa-per-la-paralisi-cerebral-2024\/\" title=\"Read &#8220;EN MARXA PER LA PAR\u00c0LISI CEREBRAL&#8221; 2024\">Llegeix m\u00e9s\u00bb<\/a><\/p>\n","protected":false},"author":1,"featured_media":3571,"comment_status":"open","ping_status":"closed","sticky":false,"template":"","format":"standard","meta":{"_bbp_topic_count":0,"_bbp_reply_count":0,"_bbp_total_topic_count":0,"_bbp_total_reply_count":0,"_bbp_voice_count":0,"_bbp_anonymous_reply_count":0,"_bbp_topic_count_hidden":0,"_bbp_reply_count_hidden":0,"_bbp_forum_subforum_count":0,"footnotes":""},"categories":[59,1],"tags":[],"class_list":["post-3569","post","type-post","status-publish","format-standard","has-post-thumbnail","hentry","category-cee-balmes-ii","category-general"],"post_mailing_queue_ids":[],"_links":{"self":[{"href":"https:\/\/agora.xtec.cat\/ceebalmes2\/wp-json\/wp\/v2\/posts\/3569","targetHints":{"allow":["GET"]}}],"collection":[{"href":"https:\/\/agora.xtec.cat\/ceebalmes2\/wp-json\/wp\/v2\/posts"}],"about":[{"href":"https:\/\/agora.xtec.cat\/ceebalmes2\/wp-json\/wp\/v2\/types\/post"}],"author":[{"embeddable":true,"href":"https:\/\/agora.xtec.cat\/ceebalmes2\/wp-json\/wp\/v2\/users\/1"}],"replies":[{"embeddable":true,"href":"https:\/\/agora.xtec.cat\/ceebalmes2\/wp-json\/wp\/v2\/comments?post=3569"}],"version-history":[{"count":2,"href":"https:\/\/agora.xtec.cat\/ceebalmes2\/wp-json\/wp\/v2\/posts\/3569\/revisions"}],"predecessor-version":[{"id":3574,"href":"https:\/\/agora.xtec.cat\/ceebalmes2\/wp-json\/wp\/v2\/posts\/3569\/revisions\/3574"}],"wp:featuredmedia":[{"embeddable":true,"href":"https:\/\/agora.xtec.cat\/ceebalmes2\/wp-json\/wp\/v2\/media\/3571"}],"wp:attachment":[{"href":"https:\/\/agora.xtec.cat\/ceebalmes2\/wp-json\/wp\/v2\/media?parent=3569"}],"wp:term":[{"taxonomy":"category","embeddable":true,"href":"https:\/\/agora.xtec.cat\/ceebalmes2\/wp-json\/wp\/v2\/categories?post=3569"},{"taxonomy":"post_tag","embeddable":true,"href":"https:\/\/agora.xtec.cat\/ceebalmes2\/wp-json\/wp\/v2\/tags?post=3569"}],"curies":[{"name":"wp","href":"https:\/\/api.w.org\/{rel}","templated":true}]}}