{"id":3558,"date":"2024-09-29T21:50:02","date_gmt":"2024-09-29T19:50:02","guid":{"rendered":"https:\/\/agora.xtec.cat\/ceebalmes2\/?p=3558"},"modified":"2024-10-01T09:10:36","modified_gmt":"2024-10-01T07:10:36","slug":"cursa-rett-2024","status":"publish","type":"post","link":"https:\/\/agora.xtec.cat\/ceebalmes2\/general\/cursa-rett-2024\/","title":{"rendered":"Cursa RETT 2024"},"content":{"rendered":"<p>Avui s&#8217;ha celebrat la Cursa Rett 2024, una cursa solidaria per la investigaci\u00f3 del S\u00edndrome de Rett. Ha estat un dia molt emocionant amb molta participaci\u00f3, les inscripcions es van exhaurir, arribant a les 1000 persones apuntades.<\/p>\n<p><img loading=\"lazy\" decoding=\"async\" class=\"alignnone wp-image-3560 size-large\" src=\"https:\/\/agora.xtec.cat\/ceebalmes2\/wp-content\/uploads\/usu1973\/2024\/10\/IMG-20240929-WA0014-1024x768.jpg\" alt=\"\" width=\"1024\" height=\"768\" srcset=\"https:\/\/agora.xtec.cat\/ceebalmes2\/wp-content\/uploads\/usu1973\/2024\/10\/IMG-20240929-WA0014-1024x768.jpg 1024w, https:\/\/agora.xtec.cat\/ceebalmes2\/wp-content\/uploads\/usu1973\/2024\/10\/IMG-20240929-WA0014-300x225.jpg 300w, https:\/\/agora.xtec.cat\/ceebalmes2\/wp-content\/uploads\/usu1973\/2024\/10\/IMG-20240929-WA0014-768x576.jpg 768w, https:\/\/agora.xtec.cat\/ceebalmes2\/wp-content\/uploads\/usu1973\/2024\/10\/IMG-20240929-WA0014-1536x1152.jpg 1536w, https:\/\/agora.xtec.cat\/ceebalmes2\/wp-content\/uploads\/usu1973\/2024\/10\/IMG-20240929-WA0014-200x150.jpg 200w, https:\/\/agora.xtec.cat\/ceebalmes2\/wp-content\/uploads\/usu1973\/2024\/10\/IMG-20240929-WA0014.jpg 1600w\" sizes=\"auto, (max-width: 1024px) 100vw, 1024px\" \/><\/p>\n<p>L&#8217;escola, com cada any, ha participat a la cursa, per\u00f2 tamb\u00e9 en la preparaci\u00f3 dels premis per a les persones guanyadores, amb l&#8217;ajuda excepcional del nostre alumnat, els voleu veure?<\/p>\n<p><img loading=\"lazy\" decoding=\"async\" class=\"alignleft wp-image-3563 size-large\" src=\"https:\/\/agora.xtec.cat\/ceebalmes2\/wp-content\/uploads\/usu1973\/2024\/10\/IMG_7201-768x1024.jpg\" alt=\"\" width=\"768\" height=\"1024\" srcset=\"https:\/\/agora.xtec.cat\/ceebalmes2\/wp-content\/uploads\/usu1973\/2024\/10\/IMG_7201-768x1024.jpg 768w, https:\/\/agora.xtec.cat\/ceebalmes2\/wp-content\/uploads\/usu1973\/2024\/10\/IMG_7201-225x300.jpg 225w, https:\/\/agora.xtec.cat\/ceebalmes2\/wp-content\/uploads\/usu1973\/2024\/10\/IMG_7201-1152x1536.jpg 1152w, https:\/\/agora.xtec.cat\/ceebalmes2\/wp-content\/uploads\/usu1973\/2024\/10\/IMG_7201-1536x2048.jpg 1536w, https:\/\/agora.xtec.cat\/ceebalmes2\/wp-content\/uploads\/usu1973\/2024\/10\/IMG_7201-scaled.jpg 1920w\" sizes=\"auto, (max-width: 768px) 100vw, 768px\" \/><img loading=\"lazy\" decoding=\"async\" class=\"alignleft wp-image-3564 size-large\" src=\"https:\/\/agora.xtec.cat\/ceebalmes2\/wp-content\/uploads\/usu1973\/2024\/10\/IMG_7193-768x1024.jpg\" alt=\"\" width=\"768\" height=\"1024\" srcset=\"https:\/\/agora.xtec.cat\/ceebalmes2\/wp-content\/uploads\/usu1973\/2024\/10\/IMG_7193-768x1024.jpg 768w, https:\/\/agora.xtec.cat\/ceebalmes2\/wp-content\/uploads\/usu1973\/2024\/10\/IMG_7193-225x300.jpg 225w, https:\/\/agora.xtec.cat\/ceebalmes2\/wp-content\/uploads\/usu1973\/2024\/10\/IMG_7193-1152x1536.jpg 1152w, https:\/\/agora.xtec.cat\/ceebalmes2\/wp-content\/uploads\/usu1973\/2024\/10\/IMG_7193-1536x2048.jpg 1536w, https:\/\/agora.xtec.cat\/ceebalmes2\/wp-content\/uploads\/usu1973\/2024\/10\/IMG_7193-scaled.jpg 1920w\" sizes=\"auto, (max-width: 768px) 100vw, 768px\" \/><\/p>\n","protected":false},"excerpt":{"rendered":"<p>Avui s&#8217;ha celebrat la Cursa Rett 2024, una cursa solidaria per la investigaci\u00f3 del S\u00edndrome de Rett. Ha estat un dia molt emocionant amb molta participaci\u00f3, les inscripcions es van exhaurir, arribant a les 1000 persones apuntades.<\/p>\n<p>L&#8217;escola, com cada any, ha participat a la cursa,&hellip;  <a href=\"https:\/\/agora.xtec.cat\/ceebalmes2\/general\/cursa-rett-2024\/\" title=\"Read Cursa RETT 2024\">Llegeix m\u00e9s\u00bb<\/a><\/p>\n","protected":false},"author":1,"featured_media":3560,"comment_status":"open","ping_status":"closed","sticky":false,"template":"","format":"standard","meta":{"_bbp_topic_count":0,"_bbp_reply_count":0,"_bbp_total_topic_count":0,"_bbp_total_reply_count":0,"_bbp_voice_count":0,"_bbp_anonymous_reply_count":0,"_bbp_topic_count_hidden":0,"_bbp_reply_count_hidden":0,"_bbp_forum_subforum_count":0,"footnotes":""},"categories":[59,1],"tags":[],"class_list":["post-3558","post","type-post","status-publish","format-standard","has-post-thumbnail","hentry","category-cee-balmes-ii","category-general"],"post_mailing_queue_ids":[],"_links":{"self":[{"href":"https:\/\/agora.xtec.cat\/ceebalmes2\/wp-json\/wp\/v2\/posts\/3558","targetHints":{"allow":["GET"]}}],"collection":[{"href":"https:\/\/agora.xtec.cat\/ceebalmes2\/wp-json\/wp\/v2\/posts"}],"about":[{"href":"https:\/\/agora.xtec.cat\/ceebalmes2\/wp-json\/wp\/v2\/types\/post"}],"author":[{"embeddable":true,"href":"https:\/\/agora.xtec.cat\/ceebalmes2\/wp-json\/wp\/v2\/users\/1"}],"replies":[{"embeddable":true,"href":"https:\/\/agora.xtec.cat\/ceebalmes2\/wp-json\/wp\/v2\/comments?post=3558"}],"version-history":[{"count":2,"href":"https:\/\/agora.xtec.cat\/ceebalmes2\/wp-json\/wp\/v2\/posts\/3558\/revisions"}],"predecessor-version":[{"id":3565,"href":"https:\/\/agora.xtec.cat\/ceebalmes2\/wp-json\/wp\/v2\/posts\/3558\/revisions\/3565"}],"wp:featuredmedia":[{"embeddable":true,"href":"https:\/\/agora.xtec.cat\/ceebalmes2\/wp-json\/wp\/v2\/media\/3560"}],"wp:attachment":[{"href":"https:\/\/agora.xtec.cat\/ceebalmes2\/wp-json\/wp\/v2\/media?parent=3558"}],"wp:term":[{"taxonomy":"category","embeddable":true,"href":"https:\/\/agora.xtec.cat\/ceebalmes2\/wp-json\/wp\/v2\/categories?post=3558"},{"taxonomy":"post_tag","embeddable":true,"href":"https:\/\/agora.xtec.cat\/ceebalmes2\/wp-json\/wp\/v2\/tags?post=3558"}],"curies":[{"name":"wp","href":"https:\/\/api.w.org\/{rel}","templated":true}]}}