{"id":3439,"date":"2024-05-27T17:54:00","date_gmt":"2024-05-27T15:54:00","guid":{"rendered":"https:\/\/agora.xtec.cat\/ceebalmes2\/?p=3439"},"modified":"2024-05-27T17:54:00","modified_gmt":"2024-05-27T15:54:00","slug":"graduacio-2024","status":"publish","type":"post","link":"https:\/\/agora.xtec.cat\/ceebalmes2\/general\/graduacio-2024\/","title":{"rendered":"Graduaci\u00f3 2024"},"content":{"rendered":"<p>El darrer divendres 24 de maig, vam celebrar<strong> la festa de graduaci\u00f3<\/strong> dels i les alumnes que aquest curs acaben l&#8217;escola. Hem agra\u00eft el seu pas pel Balmes i tot el que hem pogut aprendre aquests anys, cada alumne acompanyat per la seva fam\u00edlia ha rebut un diploma, una banda i un \u00e0lbum amb la recopilaci\u00f3 de fotografies de la seva traject\u00f2ria.<\/p>\n<p>Us deixem una petita mostra en imatges:<\/p>\n<p>&nbsp;<\/p>\n<p><img loading=\"lazy\" decoding=\"async\" class=\"alignnone size-medium wp-image-3437\" src=\"https:\/\/agora.xtec.cat\/ceebalmes2\/wp-content\/uploads\/usu1973\/2024\/05\/ea0c3a2b-59e8-4f6a-85ae-9adc4435c6ca-1-226x300.jpg\" alt=\"\" width=\"226\" height=\"300\" srcset=\"https:\/\/agora.xtec.cat\/ceebalmes2\/wp-content\/uploads\/usu1973\/2024\/05\/ea0c3a2b-59e8-4f6a-85ae-9adc4435c6ca-1-226x300.jpg 226w, https:\/\/agora.xtec.cat\/ceebalmes2\/wp-content\/uploads\/usu1973\/2024\/05\/ea0c3a2b-59e8-4f6a-85ae-9adc4435c6ca-1-771x1024.jpg 771w, https:\/\/agora.xtec.cat\/ceebalmes2\/wp-content\/uploads\/usu1973\/2024\/05\/ea0c3a2b-59e8-4f6a-85ae-9adc4435c6ca-1-768x1021.jpg 768w, https:\/\/agora.xtec.cat\/ceebalmes2\/wp-content\/uploads\/usu1973\/2024\/05\/ea0c3a2b-59e8-4f6a-85ae-9adc4435c6ca-1-1156x1536.jpg 1156w, https:\/\/agora.xtec.cat\/ceebalmes2\/wp-content\/uploads\/usu1973\/2024\/05\/ea0c3a2b-59e8-4f6a-85ae-9adc4435c6ca-1.jpg 1204w\" sizes=\"auto, (max-width: 226px) 100vw, 226px\" \/><\/p>\n<p>&nbsp;<\/p>\n<p><img loading=\"lazy\" decoding=\"async\" class=\"alignnone size-medium wp-image-3434\" src=\"https:\/\/agora.xtec.cat\/ceebalmes2\/wp-content\/uploads\/usu1973\/2024\/05\/IMG_20240527_171641-202x300.jpg\" alt=\"\" width=\"202\" height=\"300\" srcset=\"https:\/\/agora.xtec.cat\/ceebalmes2\/wp-content\/uploads\/usu1973\/2024\/05\/IMG_20240527_171641-202x300.jpg 202w, https:\/\/agora.xtec.cat\/ceebalmes2\/wp-content\/uploads\/usu1973\/2024\/05\/IMG_20240527_171641-690x1024.jpg 690w, https:\/\/agora.xtec.cat\/ceebalmes2\/wp-content\/uploads\/usu1973\/2024\/05\/IMG_20240527_171641-768x1139.jpg 768w, https:\/\/agora.xtec.cat\/ceebalmes2\/wp-content\/uploads\/usu1973\/2024\/05\/IMG_20240527_171641-1036x1536.jpg 1036w, https:\/\/agora.xtec.cat\/ceebalmes2\/wp-content\/uploads\/usu1973\/2024\/05\/IMG_20240527_171641-1381x2048.jpg 1381w, https:\/\/agora.xtec.cat\/ceebalmes2\/wp-content\/uploads\/usu1973\/2024\/05\/IMG_20240527_171641.jpg 1724w\" sizes=\"auto, (max-width: 202px) 100vw, 202px\" \/><\/p>\n<p><img loading=\"lazy\" decoding=\"async\" class=\"alignnone size-medium wp-image-3438\" src=\"https:\/\/agora.xtec.cat\/ceebalmes2\/wp-content\/uploads\/usu1973\/2024\/05\/a9e14012-f1be-43e4-b525-85464dd5b796-1-225x300.jpg\" alt=\"\" width=\"225\" height=\"300\" srcset=\"https:\/\/agora.xtec.cat\/ceebalmes2\/wp-content\/uploads\/usu1973\/2024\/05\/a9e14012-f1be-43e4-b525-85464dd5b796-1-225x300.jpg 225w, https:\/\/agora.xtec.cat\/ceebalmes2\/wp-content\/uploads\/usu1973\/2024\/05\/a9e14012-f1be-43e4-b525-85464dd5b796-1-768x1024.jpg 768w, https:\/\/agora.xtec.cat\/ceebalmes2\/wp-content\/uploads\/usu1973\/2024\/05\/a9e14012-f1be-43e4-b525-85464dd5b796-1-1152x1536.jpg 1152w, https:\/\/agora.xtec.cat\/ceebalmes2\/wp-content\/uploads\/usu1973\/2024\/05\/a9e14012-f1be-43e4-b525-85464dd5b796-1.jpg 1536w\" sizes=\"auto, (max-width: 225px) 100vw, 225px\" \/><\/p>\n<p><img loading=\"lazy\" decoding=\"async\" class=\"alignnone size-medium wp-image-3440\" src=\"https:\/\/agora.xtec.cat\/ceebalmes2\/wp-content\/uploads\/usu1973\/2024\/05\/2kb-300x135.jpg\" alt=\"\" width=\"300\" height=\"135\" srcset=\"https:\/\/agora.xtec.cat\/ceebalmes2\/wp-content\/uploads\/usu1973\/2024\/05\/2kb-300x135.jpg 300w, https:\/\/agora.xtec.cat\/ceebalmes2\/wp-content\/uploads\/usu1973\/2024\/05\/2kb-1024x462.jpg 1024w, https:\/\/agora.xtec.cat\/ceebalmes2\/wp-content\/uploads\/usu1973\/2024\/05\/2kb-768x346.jpg 768w, https:\/\/agora.xtec.cat\/ceebalmes2\/wp-content\/uploads\/usu1973\/2024\/05\/2kb-1536x692.jpg 1536w, https:\/\/agora.xtec.cat\/ceebalmes2\/wp-content\/uploads\/usu1973\/2024\/05\/2kb-2048x923.jpg 2048w\" sizes=\"auto, (max-width: 300px) 100vw, 300px\" \/><\/p>\n<p><img loading=\"lazy\" decoding=\"async\" class=\"alignnone size-medium wp-image-3443\" src=\"https:\/\/agora.xtec.cat\/ceebalmes2\/wp-content\/uploads\/usu1973\/2024\/05\/IMG_20240527_175005-225x300.jpg\" alt=\"\" width=\"225\" height=\"300\" srcset=\"https:\/\/agora.xtec.cat\/ceebalmes2\/wp-content\/uploads\/usu1973\/2024\/05\/IMG_20240527_175005-225x300.jpg 225w, https:\/\/agora.xtec.cat\/ceebalmes2\/wp-content\/uploads\/usu1973\/2024\/05\/IMG_20240527_175005-768x1024.jpg 768w, https:\/\/agora.xtec.cat\/ceebalmes2\/wp-content\/uploads\/usu1973\/2024\/05\/IMG_20240527_175005-1152x1536.jpg 1152w, https:\/\/agora.xtec.cat\/ceebalmes2\/wp-content\/uploads\/usu1973\/2024\/05\/IMG_20240527_175005-1536x2048.jpg 1536w, https:\/\/agora.xtec.cat\/ceebalmes2\/wp-content\/uploads\/usu1973\/2024\/05\/IMG_20240527_175005-scaled.jpg 1920w\" sizes=\"auto, (max-width: 225px) 100vw, 225px\" \/><\/p>\n<p>&nbsp;<\/p>\n<p><a href=\"https:\/\/www.instagram.com\/s\/aGlnaGxpZ2h0OjE3OTkzMTEyMjk2NjM5MjY4?story_media_id=3375013240012713780_65147712981&amp;igsh=MTN5YTJ4d3A4NDIxcA==\" target=\"_blank\" rel=\"noopener\">FES CLICK PER VEURE M\u00c9S FOTOS AL NOSTRE INSTAGRAM<\/a><\/p>\n<p>&nbsp;<\/p>\n","protected":false},"excerpt":{"rendered":"<p>El darrer divendres 24 de maig, vam celebrar la festa de graduaci\u00f3 dels i les alumnes que aquest curs acaben l&#8217;escola. Hem agra\u00eft el seu pas pel Balmes i tot el que hem pogut aprendre aquests anys, cada alumne acompanyat per la seva fam\u00edlia ha&hellip;  <a href=\"https:\/\/agora.xtec.cat\/ceebalmes2\/general\/graduacio-2024\/\" title=\"Read Graduaci\u00f3 2024\">Llegeix m\u00e9s\u00bb<\/a><\/p>\n","protected":false},"author":1,"featured_media":0,"comment_status":"open","ping_status":"closed","sticky":false,"template":"","format":"standard","meta":{"_bbp_topic_count":0,"_bbp_reply_count":0,"_bbp_total_topic_count":0,"_bbp_total_reply_count":0,"_bbp_voice_count":0,"_bbp_anonymous_reply_count":0,"_bbp_topic_count_hidden":0,"_bbp_reply_count_hidden":0,"_bbp_forum_subforum_count":0,"footnotes":""},"categories":[59,1,4],"tags":[],"class_list":["post-3439","post","type-post","status-publish","format-standard","hentry","category-cee-balmes-ii","category-general","category-portada"],"post_mailing_queue_ids":[],"_links":{"self":[{"href":"https:\/\/agora.xtec.cat\/ceebalmes2\/wp-json\/wp\/v2\/posts\/3439","targetHints":{"allow":["GET"]}}],"collection":[{"href":"https:\/\/agora.xtec.cat\/ceebalmes2\/wp-json\/wp\/v2\/posts"}],"about":[{"href":"https:\/\/agora.xtec.cat\/ceebalmes2\/wp-json\/wp\/v2\/types\/post"}],"author":[{"embeddable":true,"href":"https:\/\/agora.xtec.cat\/ceebalmes2\/wp-json\/wp\/v2\/users\/1"}],"replies":[{"embeddable":true,"href":"https:\/\/agora.xtec.cat\/ceebalmes2\/wp-json\/wp\/v2\/comments?post=3439"}],"version-history":[{"count":3,"href":"https:\/\/agora.xtec.cat\/ceebalmes2\/wp-json\/wp\/v2\/posts\/3439\/revisions"}],"predecessor-version":[{"id":3445,"href":"https:\/\/agora.xtec.cat\/ceebalmes2\/wp-json\/wp\/v2\/posts\/3439\/revisions\/3445"}],"wp:attachment":[{"href":"https:\/\/agora.xtec.cat\/ceebalmes2\/wp-json\/wp\/v2\/media?parent=3439"}],"wp:term":[{"taxonomy":"category","embeddable":true,"href":"https:\/\/agora.xtec.cat\/ceebalmes2\/wp-json\/wp\/v2\/categories?post=3439"},{"taxonomy":"post_tag","embeddable":true,"href":"https:\/\/agora.xtec.cat\/ceebalmes2\/wp-json\/wp\/v2\/tags?post=3439"}],"curies":[{"name":"wp","href":"https:\/\/api.w.org\/{rel}","templated":true}]}}