{"id":3235,"date":"2024-03-08T07:09:35","date_gmt":"2024-03-08T06:09:35","guid":{"rendered":"https:\/\/agora.xtec.cat\/ceebalmes2\/?p=3235"},"modified":"2024-04-08T17:42:50","modified_gmt":"2024-04-08T15:42:50","slug":"8m-dia-internacional-de-la-dona-2024","status":"publish","type":"post","link":"https:\/\/agora.xtec.cat\/ceebalmes2\/general\/8m-dia-internacional-de-la-dona-2024\/","title":{"rendered":"8M D\u00eda Internacional de la DONA 2024"},"content":{"rendered":"<p><img loading=\"lazy\" decoding=\"async\" class=\"alignnone size-medium wp-image-3234\" src=\"https:\/\/agora.xtec.cat\/ceebalmes2\/wp-content\/uploads\/usu1973\/2024\/03\/IMG-20240307-WA0000-1-300x172.jpg\" alt=\"\" width=\"300\" height=\"172\" srcset=\"https:\/\/agora.xtec.cat\/ceebalmes2\/wp-content\/uploads\/usu1973\/2024\/03\/IMG-20240307-WA0000-1-300x172.jpg 300w, https:\/\/agora.xtec.cat\/ceebalmes2\/wp-content\/uploads\/usu1973\/2024\/03\/IMG-20240307-WA0000-1-1024x588.jpg 1024w, https:\/\/agora.xtec.cat\/ceebalmes2\/wp-content\/uploads\/usu1973\/2024\/03\/IMG-20240307-WA0000-1-768x441.jpg 768w, https:\/\/agora.xtec.cat\/ceebalmes2\/wp-content\/uploads\/usu1973\/2024\/03\/IMG-20240307-WA0000-1-1536x881.jpg 1536w, https:\/\/agora.xtec.cat\/ceebalmes2\/wp-content\/uploads\/usu1973\/2024\/03\/IMG-20240307-WA0000-1.jpg 2048w\" sizes=\"auto, (max-width: 300px) 100vw, 300px\" \/><\/p>\n<p style=\"text-align: justify;\">Un any m\u00e9s, a la nostra escola ens volem sumar a la reivindicaci\u00f3 de la lluita pels drets i les llibertats de totes les dones, per la igualtat i en contra de la viol\u00e8ncia masclista. Per un m\u00f3n amb les mateixes oportunitats per a tothom.<\/p>\n<p>Us compartim la publicaci\u00f3 de Fepccat on hi s\u00f3n algunes de les nostres alumnes<\/p>\n<p><iframe loading=\"lazy\" title=\"8 de Mar\u00e7, dia de la Dona : Som dones i tenim veu, no parleu per nosaltres.\" width=\"500\" height=\"281\" src=\"https:\/\/www.youtube.com\/embed\/7y8YpKKyEEM?feature=oembed\" frameborder=\"0\" allow=\"accelerometer; autoplay; clipboard-write; encrypted-media; gyroscope; picture-in-picture; web-share\" referrerpolicy=\"strict-origin-when-cross-origin\" allowfullscreen><\/iframe><\/p>\n<p>&nbsp;<\/p>\n","protected":false},"excerpt":{"rendered":"<p>Un any m\u00e9s, a la nostra escola ens volem sumar a la reivindicaci\u00f3 de la lluita pels drets i les llibertats de totes les dones, per la igualtat i en contra de la viol\u00e8ncia masclista. Per un m\u00f3n amb les mateixes oportunitats per a tothom.<br \/>\nUs&hellip;  <a href=\"https:\/\/agora.xtec.cat\/ceebalmes2\/general\/8m-dia-internacional-de-la-dona-2024\/\" title=\"Read 8M D\u00eda Internacional de la DONA 2024\">Llegeix m\u00e9s\u00bb<\/a><\/p>\n","protected":false},"author":1,"featured_media":0,"comment_status":"open","ping_status":"closed","sticky":false,"template":"","format":"standard","meta":{"_bbp_topic_count":0,"_bbp_reply_count":0,"_bbp_total_topic_count":0,"_bbp_total_reply_count":0,"_bbp_voice_count":0,"_bbp_anonymous_reply_count":0,"_bbp_topic_count_hidden":0,"_bbp_reply_count_hidden":0,"_bbp_forum_subforum_count":0,"footnotes":""},"categories":[59,1],"tags":[140,167],"class_list":["post-3235","post","type-post","status-publish","format-standard","hentry","category-cee-balmes-ii","category-general","tag-8m","tag-dia-de-la-dona"],"post_mailing_queue_ids":[],"_links":{"self":[{"href":"https:\/\/agora.xtec.cat\/ceebalmes2\/wp-json\/wp\/v2\/posts\/3235","targetHints":{"allow":["GET"]}}],"collection":[{"href":"https:\/\/agora.xtec.cat\/ceebalmes2\/wp-json\/wp\/v2\/posts"}],"about":[{"href":"https:\/\/agora.xtec.cat\/ceebalmes2\/wp-json\/wp\/v2\/types\/post"}],"author":[{"embeddable":true,"href":"https:\/\/agora.xtec.cat\/ceebalmes2\/wp-json\/wp\/v2\/users\/1"}],"replies":[{"embeddable":true,"href":"https:\/\/agora.xtec.cat\/ceebalmes2\/wp-json\/wp\/v2\/comments?post=3235"}],"version-history":[{"count":6,"href":"https:\/\/agora.xtec.cat\/ceebalmes2\/wp-json\/wp\/v2\/posts\/3235\/revisions"}],"predecessor-version":[{"id":3242,"href":"https:\/\/agora.xtec.cat\/ceebalmes2\/wp-json\/wp\/v2\/posts\/3235\/revisions\/3242"}],"wp:attachment":[{"href":"https:\/\/agora.xtec.cat\/ceebalmes2\/wp-json\/wp\/v2\/media?parent=3235"}],"wp:term":[{"taxonomy":"category","embeddable":true,"href":"https:\/\/agora.xtec.cat\/ceebalmes2\/wp-json\/wp\/v2\/categories?post=3235"},{"taxonomy":"post_tag","embeddable":true,"href":"https:\/\/agora.xtec.cat\/ceebalmes2\/wp-json\/wp\/v2\/tags?post=3235"}],"curies":[{"name":"wp","href":"https:\/\/api.w.org\/{rel}","templated":true}]}}