{"id":3227,"date":"2024-02-29T18:47:57","date_gmt":"2024-02-29T17:47:57","guid":{"rendered":"https:\/\/agora.xtec.cat\/ceebalmes2\/?p=3227"},"modified":"2024-03-04T18:50:36","modified_gmt":"2024-03-04T17:50:36","slug":"29-de-febrer-dia-mundial-de-les-malalties-minoritaries","status":"publish","type":"post","link":"https:\/\/agora.xtec.cat\/ceebalmes2\/general\/29-de-febrer-dia-mundial-de-les-malalties-minoritaries\/","title":{"rendered":"29 de febrer, Dia Mundial de les Malalties Minorit\u00e0ries"},"content":{"rendered":"<p>Des de l&#8217;any 2008 es conmemora el Dia Mundial de les Malalties Minorit\u00e0ries, celebrat l&#8217;\u00faltim dia de febrer. L&#8217;objectiu d&#8217;aquest dia, \u00e9s crear consci\u00e8ncia i ajudar a les persones que pateixen alguna d&#8217;aquestes malalties a rebre una igualtat d&#8217;oportunitats en el diagn\u00f2stic i tractament.<\/p>\n<p>Des de la nostra escola ens sumem en la reivindicaci\u00f3 d&#8217;aquest dia, per tal de promoure una millora en la seva qualitat de vida.<\/p>\n<p><img loading=\"lazy\" decoding=\"async\" class=\"size-medium wp-image-3230 aligncenter\" src=\"https:\/\/agora.xtec.cat\/ceebalmes2\/wp-content\/uploads\/usu1973\/2024\/03\/28f-1-300x219.jpg\" alt=\"\" width=\"300\" height=\"219\" srcset=\"https:\/\/agora.xtec.cat\/ceebalmes2\/wp-content\/uploads\/usu1973\/2024\/03\/28f-1-300x219.jpg 300w, https:\/\/agora.xtec.cat\/ceebalmes2\/wp-content\/uploads\/usu1973\/2024\/03\/28f-1.jpg 591w\" sizes=\"auto, (max-width: 300px) 100vw, 300px\" \/><\/p>\n","protected":false},"excerpt":{"rendered":"<p>Des de l&#8217;any 2008 es conmemora el Dia Mundial de les Malalties Minorit\u00e0ries, celebrat l&#8217;\u00faltim dia de febrer. L&#8217;objectiu d&#8217;aquest dia, \u00e9s crear consci\u00e8ncia i ajudar a les persones que pateixen alguna d&#8217;aquestes malalties a rebre una igualtat d&#8217;oportunitats en el diagn\u00f2stic i tractament.<br \/>\nDes de&hellip;  <a href=\"https:\/\/agora.xtec.cat\/ceebalmes2\/general\/29-de-febrer-dia-mundial-de-les-malalties-minoritaries\/\" title=\"Read 29 de febrer, Dia Mundial de les Malalties Minorit\u00e0ries\">Llegeix m\u00e9s\u00bb<\/a><\/p>\n","protected":false},"author":1,"featured_media":3230,"comment_status":"open","ping_status":"closed","sticky":false,"template":"","format":"standard","meta":{"_bbp_topic_count":0,"_bbp_reply_count":0,"_bbp_total_topic_count":0,"_bbp_total_reply_count":0,"_bbp_voice_count":0,"_bbp_anonymous_reply_count":0,"_bbp_topic_count_hidden":0,"_bbp_reply_count_hidden":0,"_bbp_forum_subforum_count":0,"footnotes":""},"categories":[59,1],"tags":[],"class_list":["post-3227","post","type-post","status-publish","format-standard","has-post-thumbnail","hentry","category-cee-balmes-ii","category-general"],"post_mailing_queue_ids":[],"_links":{"self":[{"href":"https:\/\/agora.xtec.cat\/ceebalmes2\/wp-json\/wp\/v2\/posts\/3227","targetHints":{"allow":["GET"]}}],"collection":[{"href":"https:\/\/agora.xtec.cat\/ceebalmes2\/wp-json\/wp\/v2\/posts"}],"about":[{"href":"https:\/\/agora.xtec.cat\/ceebalmes2\/wp-json\/wp\/v2\/types\/post"}],"author":[{"embeddable":true,"href":"https:\/\/agora.xtec.cat\/ceebalmes2\/wp-json\/wp\/v2\/users\/1"}],"replies":[{"embeddable":true,"href":"https:\/\/agora.xtec.cat\/ceebalmes2\/wp-json\/wp\/v2\/comments?post=3227"}],"version-history":[{"count":2,"href":"https:\/\/agora.xtec.cat\/ceebalmes2\/wp-json\/wp\/v2\/posts\/3227\/revisions"}],"predecessor-version":[{"id":3231,"href":"https:\/\/agora.xtec.cat\/ceebalmes2\/wp-json\/wp\/v2\/posts\/3227\/revisions\/3231"}],"wp:featuredmedia":[{"embeddable":true,"href":"https:\/\/agora.xtec.cat\/ceebalmes2\/wp-json\/wp\/v2\/media\/3230"}],"wp:attachment":[{"href":"https:\/\/agora.xtec.cat\/ceebalmes2\/wp-json\/wp\/v2\/media?parent=3227"}],"wp:term":[{"taxonomy":"category","embeddable":true,"href":"https:\/\/agora.xtec.cat\/ceebalmes2\/wp-json\/wp\/v2\/categories?post=3227"},{"taxonomy":"post_tag","embeddable":true,"href":"https:\/\/agora.xtec.cat\/ceebalmes2\/wp-json\/wp\/v2\/tags?post=3227"}],"curies":[{"name":"wp","href":"https:\/\/api.w.org\/{rel}","templated":true}]}}