{"id":2942,"date":"2023-11-20T14:36:15","date_gmt":"2023-11-20T13:36:15","guid":{"rendered":"https:\/\/agora.xtec.cat\/ceebalmes2\/?p=2942"},"modified":"2023-11-27T14:54:50","modified_gmt":"2023-11-27T13:54:50","slug":"__trashed","status":"publish","type":"post","link":"https:\/\/agora.xtec.cat\/ceebalmes2\/general\/__trashed\/","title":{"rendered":"Dia Internacional dels Drets dels Infants"},"content":{"rendered":"<p>Avui 20 de novembre es conmemora el Dia Internacional dels Drets dels Infants, i des de la nostra escola ens volem sumar per reivindicar els drets humans de la inf\u00e0ncia i l&#8217;adolesc\u00e8ncia i per promoure el seu benestar, garantint el dret a la salut, la educaci\u00f3 i la seguretat.<\/p>\n<p>&nbsp;<\/p>\n<p>&nbsp;<\/p>\n","protected":false},"excerpt":{"rendered":"<p>Avui 20 de novembre es conmemora el Dia Internacional dels Drets dels Infants, i des de la nostra escola ens volem sumar per reivindicar els drets humans de la inf\u00e0ncia i l&#8217;adolesc\u00e8ncia i per promoure el seu benestar, garantint el dret a la salut, la&hellip;  <a href=\"https:\/\/agora.xtec.cat\/ceebalmes2\/general\/__trashed\/\" title=\"Read Dia Internacional dels Drets dels Infants\">Llegeix m\u00e9s\u00bb<\/a><\/p>\n","protected":false},"author":1,"featured_media":0,"comment_status":"open","ping_status":"closed","sticky":false,"template":"","format":"standard","meta":{"_bbp_topic_count":0,"_bbp_reply_count":0,"_bbp_total_topic_count":0,"_bbp_total_reply_count":0,"_bbp_voice_count":0,"_bbp_anonymous_reply_count":0,"_bbp_topic_count_hidden":0,"_bbp_reply_count_hidden":0,"_bbp_forum_subforum_count":0,"footnotes":""},"categories":[59,1],"tags":[],"class_list":["post-2942","post","type-post","status-publish","format-standard","hentry","category-cee-balmes-ii","category-general"],"post_mailing_queue_ids":[],"_links":{"self":[{"href":"https:\/\/agora.xtec.cat\/ceebalmes2\/wp-json\/wp\/v2\/posts\/2942","targetHints":{"allow":["GET"]}}],"collection":[{"href":"https:\/\/agora.xtec.cat\/ceebalmes2\/wp-json\/wp\/v2\/posts"}],"about":[{"href":"https:\/\/agora.xtec.cat\/ceebalmes2\/wp-json\/wp\/v2\/types\/post"}],"author":[{"embeddable":true,"href":"https:\/\/agora.xtec.cat\/ceebalmes2\/wp-json\/wp\/v2\/users\/1"}],"replies":[{"embeddable":true,"href":"https:\/\/agora.xtec.cat\/ceebalmes2\/wp-json\/wp\/v2\/comments?post=2942"}],"version-history":[{"count":3,"href":"https:\/\/agora.xtec.cat\/ceebalmes2\/wp-json\/wp\/v2\/posts\/2942\/revisions"}],"predecessor-version":[{"id":2948,"href":"https:\/\/agora.xtec.cat\/ceebalmes2\/wp-json\/wp\/v2\/posts\/2942\/revisions\/2948"}],"wp:attachment":[{"href":"https:\/\/agora.xtec.cat\/ceebalmes2\/wp-json\/wp\/v2\/media?parent=2942"}],"wp:term":[{"taxonomy":"category","embeddable":true,"href":"https:\/\/agora.xtec.cat\/ceebalmes2\/wp-json\/wp\/v2\/categories?post=2942"},{"taxonomy":"post_tag","embeddable":true,"href":"https:\/\/agora.xtec.cat\/ceebalmes2\/wp-json\/wp\/v2\/tags?post=2942"}],"curies":[{"name":"wp","href":"https:\/\/api.w.org\/{rel}","templated":true}]}}