{"id":2342,"date":"2023-02-09T18:30:59","date_gmt":"2023-02-09T17:30:59","guid":{"rendered":"https:\/\/agora.xtec.cat\/ceebalmes2\/?p=2342"},"modified":"2023-02-23T09:21:30","modified_gmt":"2023-02-23T08:21:30","slug":"carnaval-2023","status":"publish","type":"post","link":"https:\/\/agora.xtec.cat\/ceebalmes2\/general\/carnaval-2023\/","title":{"rendered":"Carnaval 2023"},"content":{"rendered":"<div class=\"container-wrapper-genially\" style=\"position: relative; min-height: 400px; max-width: 100%;\">\n<!--[if lt IE 9]><script>document.createElement('audio');<\/script><![endif]-->\n<audio class=\"wp-audio-shortcode\" id=\"audio-2342-1\" preload=\"none\" style=\"width: 100%;\" controls=\"controls\"><source type=\"audio\/mpeg\" src=\"https:\/\/agora.xtec.cat\/ceebalmes2\/wp-content\/uploads\/usu1973\/2023\/02\/AUD-20230216-WA0006-1.m4a?_=1\" \/><a href=\"https:\/\/agora.xtec.cat\/ceebalmes2\/wp-content\/uploads\/usu1973\/2023\/02\/AUD-20230216-WA0006-1.m4a\">https:\/\/agora.xtec.cat\/ceebalmes2\/wp-content\/uploads\/usu1973\/2023\/02\/AUD-20230216-WA0006-1.m4a<\/a><\/audio>\n<h4 style=\"padding-left: 40px;\">\u00a0 \u00a0 \u00a0 \u00a0 \u00a0 \u00a0 \u00a0 \u00a0 \u00a0 \u00a0 \u00a0 \u00a0 \u00a0 \u00a0 \u00a0Atenci\u00f3, atenci\u00f3!<\/h4>\n<p><img loading=\"lazy\" decoding=\"async\" class=\"alignnone size-medium wp-image-2351\" src=\"https:\/\/agora.xtec.cat\/ceebalmes2\/wp-content\/uploads\/usu1973\/2023\/02\/IMG-20230209-WA0006-194x300.jpg\" alt=\"\" width=\"194\" height=\"300\" srcset=\"https:\/\/agora.xtec.cat\/ceebalmes2\/wp-content\/uploads\/usu1973\/2023\/02\/IMG-20230209-WA0006-194x300.jpg 194w, https:\/\/agora.xtec.cat\/ceebalmes2\/wp-content\/uploads\/usu1973\/2023\/02\/IMG-20230209-WA0006-662x1024.jpg 662w, https:\/\/agora.xtec.cat\/ceebalmes2\/wp-content\/uploads\/usu1973\/2023\/02\/IMG-20230209-WA0006-768x1188.jpg 768w, https:\/\/agora.xtec.cat\/ceebalmes2\/wp-content\/uploads\/usu1973\/2023\/02\/IMG-20230209-WA0006.jpg 798w\" sizes=\"auto, (max-width: 194px) 100vw, 194px\" \/>\u00a0 \u00a0 \u00a0 \u00a0 \u00a0 \u00a0 \u00a0 \u00a0<img loading=\"lazy\" decoding=\"async\" class=\"alignnone size-medium wp-image-2358\" src=\"https:\/\/agora.xtec.cat\/ceebalmes2\/wp-content\/uploads\/usu1973\/2023\/02\/20230210_091559-300x292.jpg\" alt=\"\" width=\"300\" height=\"292\" srcset=\"https:\/\/agora.xtec.cat\/ceebalmes2\/wp-content\/uploads\/usu1973\/2023\/02\/20230210_091559-300x292.jpg 300w, https:\/\/agora.xtec.cat\/ceebalmes2\/wp-content\/uploads\/usu1973\/2023\/02\/20230210_091559-1024x996.jpg 1024w, https:\/\/agora.xtec.cat\/ceebalmes2\/wp-content\/uploads\/usu1973\/2023\/02\/20230210_091559-768x747.jpg 768w, https:\/\/agora.xtec.cat\/ceebalmes2\/wp-content\/uploads\/usu1973\/2023\/02\/20230210_091559-1536x1493.jpg 1536w, https:\/\/agora.xtec.cat\/ceebalmes2\/wp-content\/uploads\/usu1973\/2023\/02\/20230210_091559.jpg 1800w\" sizes=\"auto, (max-width: 300px) 100vw, 300px\" \/><img loading=\"lazy\" decoding=\"async\" class=\"wp-image-2350 alignright\" src=\"https:\/\/agora.xtec.cat\/ceebalmes2\/wp-content\/uploads\/usu1973\/2023\/02\/IMG-20230209-WA0001-225x300.jpg\" alt=\"\" width=\"210\" height=\"280\" srcset=\"https:\/\/agora.xtec.cat\/ceebalmes2\/wp-content\/uploads\/usu1973\/2023\/02\/IMG-20230209-WA0001-225x300.jpg 225w, https:\/\/agora.xtec.cat\/ceebalmes2\/wp-content\/uploads\/usu1973\/2023\/02\/IMG-20230209-WA0001-768x1024.jpg 768w, https:\/\/agora.xtec.cat\/ceebalmes2\/wp-content\/uploads\/usu1973\/2023\/02\/IMG-20230209-WA0001-1152x1536.jpg 1152w, https:\/\/agora.xtec.cat\/ceebalmes2\/wp-content\/uploads\/usu1973\/2023\/02\/IMG-20230209-WA0001.jpg 1200w\" sizes=\"auto, (max-width: 210px) 100vw, 210px\" \/><\/p>\n<p style=\"text-align: justify;\">El rei Carnestoltes ja ha arribat a la nostra escola, i aix\u00f2 vol dir que aviat comen\u00e7a una setmana plena de colors, diversi\u00f3 i disfresses originals! Tamb\u00e9 ens ha portat unes consignes que haurem de complir aquests dies&#8230; Aqu\u00ed les teniu, cliqueu, cliqueu&#8230;<\/p>\n<div style=\"width: 100%;\">\n<div style=\"position: relative; padding-bottom: 56.25%; padding-top: 0; height: 0;\"><iframe loading=\"lazy\" style=\"position: absolute; top: 0; left: 0; width: 100%; height: 100%;\" title=\"FESTA CARNAVAL 2023\" src=\"https:\/\/view.genial.ly\/63e0d39905f8ee00126264b2\" width=\"1200px\" height=\"675px\" frameborder=\"0\" scrolling=\"yes\" allowfullscreen=\"allowfullscreen\" data-mce-fragment=\"1\"><\/iframe><\/div>\n<\/div>\n<\/div>\n<p style=\"text-align: justify;\">Gr\u00e0cies a la col\u00b7laboraci\u00f3 de totes les fam\u00edlies hem recullit un munt de frases precioses, que ens va demanar el rei Carnestoltes<\/p>\n<p><iframe loading=\"lazy\" title=\"frases recullides\" width=\"500\" height=\"375\" src=\"https:\/\/www.youtube.com\/embed\/HLIq76Awhjw?feature=oembed\" frameborder=\"0\" allow=\"accelerometer; autoplay; clipboard-write; encrypted-media; gyroscope; picture-in-picture; web-share\" referrerpolicy=\"strict-origin-when-cross-origin\" allowfullscreen><\/iframe><\/p>\n<p>&nbsp;<\/p>\n<p><img loading=\"lazy\" decoding=\"async\" class=\"aligncenter wp-image-2373 size-medium\" src=\"https:\/\/agora.xtec.cat\/ceebalmes2\/wp-content\/uploads\/usu1973\/2023\/02\/IMG-20230217-WA0009-243x300.jpg\" alt=\"El nostre Picasso cantautor\" width=\"243\" height=\"300\" srcset=\"https:\/\/agora.xtec.cat\/ceebalmes2\/wp-content\/uploads\/usu1973\/2023\/02\/IMG-20230217-WA0009-243x300.jpg 243w, https:\/\/agora.xtec.cat\/ceebalmes2\/wp-content\/uploads\/usu1973\/2023\/02\/IMG-20230217-WA0009-828x1024.jpg 828w, https:\/\/agora.xtec.cat\/ceebalmes2\/wp-content\/uploads\/usu1973\/2023\/02\/IMG-20230217-WA0009-768x950.jpg 768w, https:\/\/agora.xtec.cat\/ceebalmes2\/wp-content\/uploads\/usu1973\/2023\/02\/IMG-20230217-WA0009-1242x1536.jpg 1242w, https:\/\/agora.xtec.cat\/ceebalmes2\/wp-content\/uploads\/usu1973\/2023\/02\/IMG-20230217-WA0009.jpg 1455w\" sizes=\"auto, (max-width: 243px) 100vw, 243px\" \/><\/p>\n<p style=\"text-align: justify;\">Per arrodonir aquesta setmana tan especial, el nostre Picasso cantautor (Quim) ens ha ofert uns concerts molt alegres i personalitzats !!!<\/p>\n<p>&nbsp;<\/p>\n<p>&nbsp;<\/p>\n<p>&nbsp;<\/p>\n","protected":false},"excerpt":{"rendered":"<p><a href=\"https:\/\/agora.xtec.cat\/ceebalmes2\/wp-content\/uploads\/usu1973\/2023\/02\/AUD-20230216-WA0006-1.m4a\">https:\/\/agora.xtec.cat\/ceebalmes2\/wp-content\/uploads\/usu1973\/2023\/02\/AUD-20230216-WA0006-1.m4a<\/a><br \/>\n\u00a0 \u00a0 \u00a0 \u00a0 \u00a0 \u00a0 \u00a0 \u00a0 \u00a0 \u00a0 \u00a0 \u00a0 \u00a0 \u00a0 \u00a0Atenci\u00f3, atenci\u00f3!<br \/>\n\u00a0 \u00a0 \u00a0 \u00a0 \u00a0 \u00a0 \u00a0 \u00a0<br \/>\nEl rei Carnestoltes ja ha arribat a la nostra escola, i aix\u00f2 vol dir que aviat comen\u00e7a una setmana plena de colors,&hellip;  <a href=\"https:\/\/agora.xtec.cat\/ceebalmes2\/general\/carnaval-2023\/\" title=\"Read Carnaval 2023\">Llegeix m\u00e9s\u00bb<\/a><\/p>\n","protected":false},"author":1,"featured_media":2351,"comment_status":"open","ping_status":"closed","sticky":false,"template":"","format":"standard","meta":{"_bbp_topic_count":0,"_bbp_reply_count":0,"_bbp_total_topic_count":0,"_bbp_total_reply_count":0,"_bbp_voice_count":0,"_bbp_anonymous_reply_count":0,"_bbp_topic_count_hidden":0,"_bbp_reply_count_hidden":0,"_bbp_forum_subforum_count":0,"footnotes":""},"categories":[59,62,1],"tags":[114,135,108],"class_list":["post-2342","post","type-post","status-publish","format-standard","has-post-thumbnail","hentry","category-cee-balmes-ii","category-festes-i-celebracions-a-lescola","category-general","tag-carnaval","tag-picasso","tag-propostes-educatives"],"post_mailing_queue_ids":[],"_links":{"self":[{"href":"https:\/\/agora.xtec.cat\/ceebalmes2\/wp-json\/wp\/v2\/posts\/2342","targetHints":{"allow":["GET"]}}],"collection":[{"href":"https:\/\/agora.xtec.cat\/ceebalmes2\/wp-json\/wp\/v2\/posts"}],"about":[{"href":"https:\/\/agora.xtec.cat\/ceebalmes2\/wp-json\/wp\/v2\/types\/post"}],"author":[{"embeddable":true,"href":"https:\/\/agora.xtec.cat\/ceebalmes2\/wp-json\/wp\/v2\/users\/1"}],"replies":[{"embeddable":true,"href":"https:\/\/agora.xtec.cat\/ceebalmes2\/wp-json\/wp\/v2\/comments?post=2342"}],"version-history":[{"count":3,"href":"https:\/\/agora.xtec.cat\/ceebalmes2\/wp-json\/wp\/v2\/posts\/2342\/revisions"}],"predecessor-version":[{"id":2395,"href":"https:\/\/agora.xtec.cat\/ceebalmes2\/wp-json\/wp\/v2\/posts\/2342\/revisions\/2395"}],"wp:featuredmedia":[{"embeddable":true,"href":"https:\/\/agora.xtec.cat\/ceebalmes2\/wp-json\/wp\/v2\/media\/2351"}],"wp:attachment":[{"href":"https:\/\/agora.xtec.cat\/ceebalmes2\/wp-json\/wp\/v2\/media?parent=2342"}],"wp:term":[{"taxonomy":"category","embeddable":true,"href":"https:\/\/agora.xtec.cat\/ceebalmes2\/wp-json\/wp\/v2\/categories?post=2342"},{"taxonomy":"post_tag","embeddable":true,"href":"https:\/\/agora.xtec.cat\/ceebalmes2\/wp-json\/wp\/v2\/tags?post=2342"}],"curies":[{"name":"wp","href":"https:\/\/api.w.org\/{rel}","templated":true}]}}