{"id":2266,"date":"2022-07-06T11:29:50","date_gmt":"2022-07-06T09:29:50","guid":{"rendered":"https:\/\/agora.xtec.cat\/ceebalmes2\/?p=2266"},"modified":"2023-02-09T18:32:29","modified_gmt":"2023-02-09T17:32:29","slug":"fundacio-once-ha-donat-suport-a-la-institucio-balmes","status":"publish","type":"post","link":"https:\/\/agora.xtec.cat\/ceebalmes2\/portada\/fundacio-once-ha-donat-suport-a-la-institucio-balmes\/","title":{"rendered":"Fundaci\u00f3 ONCE ha donat suport a la Instituci\u00f3 Balmes"},"content":{"rendered":"<p><img loading=\"lazy\" decoding=\"async\" class=\"alignnone size-medium wp-image-2273 aligncenter\" src=\"https:\/\/agora.xtec.cat\/ceebalmes2\/wp-content\/uploads\/usu1973\/2022\/07\/logo-fonce-300x85.png\" alt=\"\" width=\"300\" height=\"85\" \/><\/p>\n<p>La Fundaci\u00f3 ONCE ha donat suport a la Instituci\u00f3 Balmes a trav\u00e9s d&#8217;una subvenci\u00f3 per a posar en marxa el projecte &#8220;Promoci\u00f3 de la inclusi\u00f3 digital en els serveis de la Instituci\u00f3 Balmes&#8221;.<br \/>\nAquesta subvenci\u00f3 conjuntament a la que rebem anualment de l&#8217;Ajuntament de Sant Boi, ha perm\u00e8s incorporar i renovar nous dispositius i mitjans d&#8217;acc\u00e9s.<\/p>\n<p>&nbsp;<\/p>\n<figure class=\"figure wp-caption aligncenter\"><img loading=\"lazy\" decoding=\"async\" class=\"wp-image-2269\" src=\"https:\/\/agora.xtec.cat\/ceebalmes2\/wp-content\/uploads\/usu1973\/2022\/07\/mail-300x225.jpeg\" alt=\"\" width=\"271\" height=\"203\" srcset=\"https:\/\/agora.xtec.cat\/ceebalmes2\/wp-content\/uploads\/usu1973\/2022\/07\/mail-300x225.jpeg 300w, https:\/\/agora.xtec.cat\/ceebalmes2\/wp-content\/uploads\/usu1973\/2022\/07\/mail-1024x768.jpeg 1024w, https:\/\/agora.xtec.cat\/ceebalmes2\/wp-content\/uploads\/usu1973\/2022\/07\/mail-768x576.jpeg 768w, https:\/\/agora.xtec.cat\/ceebalmes2\/wp-content\/uploads\/usu1973\/2022\/07\/mail-200x150.jpeg 200w, https:\/\/agora.xtec.cat\/ceebalmes2\/wp-content\/uploads\/usu1973\/2022\/07\/mail.jpeg 1333w\" sizes=\"auto, (max-width: 271px) 100vw, 271px\" \/><figcaption class=\"wp-caption-text\">Endoll Temporitzador<\/figcaption><\/figure>\n<p>&nbsp;<\/p>\n<figure class=\"figure wp-caption alignleft\"><img loading=\"lazy\" decoding=\"async\" class=\"wp-image-2268\" src=\"https:\/\/agora.xtec.cat\/ceebalmes2\/wp-content\/uploads\/usu1973\/2022\/07\/IMG-6055-scaled-e1657098717929.jpg\" alt=\"\" width=\"285\" height=\"204\" \/><figcaption class=\"wp-caption-text\">Port\u00e0til Huawei MatebooK D15<\/figcaption><\/figure>\n<p><img loading=\"lazy\" decoding=\"async\" class=\"wp-image-2280 alignleft\" src=\"https:\/\/agora.xtec.cat\/ceebalmes2\/wp-content\/uploads\/usu1973\/2022\/07\/IMG-20220706-WA0013-300x226.jpg\" alt=\"\" width=\"272\" height=\"205\" srcset=\"https:\/\/agora.xtec.cat\/ceebalmes2\/wp-content\/uploads\/usu1973\/2022\/07\/IMG-20220706-WA0013-300x226.jpg 300w, https:\/\/agora.xtec.cat\/ceebalmes2\/wp-content\/uploads\/usu1973\/2022\/07\/IMG-20220706-WA0013-768x578.jpg 768w, https:\/\/agora.xtec.cat\/ceebalmes2\/wp-content\/uploads\/usu1973\/2022\/07\/IMG-20220706-WA0013-200x150.jpg 200w, https:\/\/agora.xtec.cat\/ceebalmes2\/wp-content\/uploads\/usu1973\/2022\/07\/IMG-20220706-WA0013.jpg 1024w\" sizes=\"auto, (max-width: 272px) 100vw, 272px\" \/><\/p>\n<figure class=\"figure wp-caption aligncenter\"><img loading=\"lazy\" decoding=\"async\" class=\"wp-image-2267\" src=\"https:\/\/agora.xtec.cat\/ceebalmes2\/wp-content\/uploads\/usu1973\/2022\/07\/prova-2-300x146.jpg\" alt=\"PANTALLA DIGITAL\" width=\"401\" height=\"195\" srcset=\"https:\/\/agora.xtec.cat\/ceebalmes2\/wp-content\/uploads\/usu1973\/2022\/07\/prova-2-300x146.jpg 300w, https:\/\/agora.xtec.cat\/ceebalmes2\/wp-content\/uploads\/usu1973\/2022\/07\/prova-2-1024x498.jpg 1024w, https:\/\/agora.xtec.cat\/ceebalmes2\/wp-content\/uploads\/usu1973\/2022\/07\/prova-2-768x374.jpg 768w, https:\/\/agora.xtec.cat\/ceebalmes2\/wp-content\/uploads\/usu1973\/2022\/07\/prova-2-1536x748.jpg 1536w, https:\/\/agora.xtec.cat\/ceebalmes2\/wp-content\/uploads\/usu1973\/2022\/07\/prova-2-2048x997.jpg 2048w\" sizes=\"auto, (max-width: 401px) 100vw, 401px\" \/><figcaption class=\"wp-caption-text\">Monitor Clevertouch<\/figcaption><\/figure>\n","protected":false},"excerpt":{"rendered":"<p>La Fundaci\u00f3 ONCE ha donat suport a la Instituci\u00f3 Balmes a trav\u00e9s d&#8217;una subvenci\u00f3 per a posar en marxa el projecte &#8220;Promoci\u00f3 de la inclusi\u00f3 digital en els serveis de la Instituci\u00f3 Balmes&#8221;.&hellip;  <a href=\"https:\/\/agora.xtec.cat\/ceebalmes2\/portada\/fundacio-once-ha-donat-suport-a-la-institucio-balmes\/\" title=\"Read Fundaci\u00f3 ONCE ha donat suport a la Instituci\u00f3 Balmes\">Llegeix m\u00e9s\u00bb<\/a><\/p>\n","protected":false},"author":1,"featured_media":2273,"comment_status":"open","ping_status":"closed","sticky":false,"template":"","format":"standard","meta":{"_bbp_topic_count":0,"_bbp_reply_count":0,"_bbp_total_topic_count":0,"_bbp_total_reply_count":0,"_bbp_voice_count":0,"_bbp_anonymous_reply_count":0,"_bbp_topic_count_hidden":0,"_bbp_reply_count_hidden":0,"_bbp_forum_subforum_count":0,"footnotes":""},"categories":[59,4],"tags":[131],"class_list":["post-2266","post","type-post","status-publish","format-standard","has-post-thumbnail","hentry","category-cee-balmes-ii","category-portada","tag-once"],"post_mailing_queue_ids":[],"_links":{"self":[{"href":"https:\/\/agora.xtec.cat\/ceebalmes2\/wp-json\/wp\/v2\/posts\/2266","targetHints":{"allow":["GET"]}}],"collection":[{"href":"https:\/\/agora.xtec.cat\/ceebalmes2\/wp-json\/wp\/v2\/posts"}],"about":[{"href":"https:\/\/agora.xtec.cat\/ceebalmes2\/wp-json\/wp\/v2\/types\/post"}],"author":[{"embeddable":true,"href":"https:\/\/agora.xtec.cat\/ceebalmes2\/wp-json\/wp\/v2\/users\/1"}],"replies":[{"embeddable":true,"href":"https:\/\/agora.xtec.cat\/ceebalmes2\/wp-json\/wp\/v2\/comments?post=2266"}],"version-history":[{"count":3,"href":"https:\/\/agora.xtec.cat\/ceebalmes2\/wp-json\/wp\/v2\/posts\/2266\/revisions"}],"predecessor-version":[{"id":2282,"href":"https:\/\/agora.xtec.cat\/ceebalmes2\/wp-json\/wp\/v2\/posts\/2266\/revisions\/2282"}],"wp:featuredmedia":[{"embeddable":true,"href":"https:\/\/agora.xtec.cat\/ceebalmes2\/wp-json\/wp\/v2\/media\/2273"}],"wp:attachment":[{"href":"https:\/\/agora.xtec.cat\/ceebalmes2\/wp-json\/wp\/v2\/media?parent=2266"}],"wp:term":[{"taxonomy":"category","embeddable":true,"href":"https:\/\/agora.xtec.cat\/ceebalmes2\/wp-json\/wp\/v2\/categories?post=2266"},{"taxonomy":"post_tag","embeddable":true,"href":"https:\/\/agora.xtec.cat\/ceebalmes2\/wp-json\/wp\/v2\/tags?post=2266"}],"curies":[{"name":"wp","href":"https:\/\/api.w.org\/{rel}","templated":true}]}}