{"id":2136,"date":"2021-12-19T10:10:20","date_gmt":"2021-12-19T09:10:20","guid":{"rendered":"https:\/\/agora.xtec.cat\/ceebalmes2\/?p=2136"},"modified":"2023-03-08T10:51:30","modified_gmt":"2023-03-08T09:51:30","slug":"activitat-de-respir-2021","status":"publish","type":"post","link":"https:\/\/agora.xtec.cat\/ceebalmes2\/general\/activitat-de-respir-2021\/","title":{"rendered":"Activitat de Respir 2021"},"content":{"rendered":"<p style=\"text-align: justify;\"><img loading=\"lazy\" decoding=\"async\" class=\"size-medium wp-image-2138 aligncenter\" src=\"https:\/\/agora.xtec.cat\/ceebalmes2\/wp-content\/uploads\/usu1973\/2021\/12\/FEPCCAT-collage-4-300x240.jpg\" alt=\"\" width=\"300\" height=\"240\" srcset=\"https:\/\/agora.xtec.cat\/ceebalmes2\/wp-content\/uploads\/usu1973\/2021\/12\/FEPCCAT-collage-4-300x240.jpg 300w, https:\/\/agora.xtec.cat\/ceebalmes2\/wp-content\/uploads\/usu1973\/2021\/12\/FEPCCAT-collage-4-1024x819.jpg 1024w, https:\/\/agora.xtec.cat\/ceebalmes2\/wp-content\/uploads\/usu1973\/2021\/12\/FEPCCAT-collage-4-768x614.jpg 768w, https:\/\/agora.xtec.cat\/ceebalmes2\/wp-content\/uploads\/usu1973\/2021\/12\/FEPCCAT-collage-4.jpg 1500w\" sizes=\"auto, (max-width: 300px) 100vw, 300px\" \/>Aquest any, gr\u00e0cies a que les condicions epidemiol\u00f2giques i les indicacions dels Departaments de Sanitat i Educaci\u00f3 ho han perm\u00e8s, s&#8217;ha pogut tornar a portar a terme l&#8217;activitat de &#8220;Respir&#8221; dissabtes a la nostra ESCOLA CEE BALMES II; activitat subvencionada per <a href=\"https:\/\/fepccat.org\/contacte-entitats\/\">FEPCCAT (Federaci\u00f3 de la par\u00e0lisi cerebral i la pluridiscapacitat de Catalunya).<\/a> Esperem poder reprendre-la aquest nou any, i recordem que les families associades a l&#8217;AFA gaudeixen sempre d&#8217;un descompte.<\/p>\n<p><img loading=\"lazy\" decoding=\"async\" class=\"alignnone size-medium wp-image-2140\" src=\"https:\/\/agora.xtec.cat\/ceebalmes2\/wp-content\/uploads\/usu1973\/2021\/12\/FEPCCAT-collage-copia-300x240.jpg\" alt=\"\" width=\"300\" height=\"240\" srcset=\"https:\/\/agora.xtec.cat\/ceebalmes2\/wp-content\/uploads\/usu1973\/2021\/12\/FEPCCAT-collage-copia-300x240.jpg 300w, https:\/\/agora.xtec.cat\/ceebalmes2\/wp-content\/uploads\/usu1973\/2021\/12\/FEPCCAT-collage-copia-1024x819.jpg 1024w, https:\/\/agora.xtec.cat\/ceebalmes2\/wp-content\/uploads\/usu1973\/2021\/12\/FEPCCAT-collage-copia-768x614.jpg 768w, https:\/\/agora.xtec.cat\/ceebalmes2\/wp-content\/uploads\/usu1973\/2021\/12\/FEPCCAT-collage-copia.jpg 1500w\" sizes=\"auto, (max-width: 300px) 100vw, 300px\" \/><\/p>\n<p style=\"text-align: center;\"><strong>\u00a0 \u00a0 \u00a0 \u00a0 \u00a0 Aprofitem per desitjar a tothom\u00a0 \u00a0 \u00a0 \u00a0 \u00a0 \u00a0 \u00a0MOLT BONES FESTES\u00a0 !!!\u00a0<\/strong><\/p>\n<p>&nbsp;<\/p>\n<p style=\"text-align: left;\">\n","protected":false},"excerpt":{"rendered":"<p>Aquest any, gr\u00e0cies a que les condicions epidemiol\u00f2giques i les indicacions dels Departaments de Sanitat i Educaci\u00f3 ho han perm\u00e8s, s&#8217;ha pogut tornar a portar a terme l&#8217;activitat de &#8220;Respir&#8221; dissabtes a la nostra ESCOLA CEE BALMES II; activitat subvencionada per <a href=\"https:\/\/fepccat.org\/contacte-entitats\/\">FEPCCAT (Federaci\u00f3 de&hellip;  <a href=\"https:\/\/agora.xtec.cat\/ceebalmes2\/general\/activitat-de-respir-2021\/\" title=\"Read Activitat de Respir 2021\">Llegeix m\u00e9s\u00bb<\/a><\/p>\n","protected":false},"author":1,"featured_media":2140,"comment_status":"open","ping_status":"closed","sticky":false,"template":"","format":"standard","meta":{"_bbp_topic_count":0,"_bbp_reply_count":0,"_bbp_total_topic_count":0,"_bbp_total_reply_count":0,"_bbp_voice_count":0,"_bbp_anonymous_reply_count":0,"_bbp_topic_count_hidden":0,"_bbp_reply_count_hidden":0,"_bbp_forum_subforum_count":0,"footnotes":""},"categories":[7,61,59,1,4],"tags":[99,92,128],"class_list":["post-2136","post","type-post","status-publish","format-standard","has-post-thumbnail","hentry","category-afa","category-altres-propostes-educatives-blogs","category-cee-balmes-ii","category-general","category-portada","tag-altres-propostes-educatives","tag-fepccat","tag-respir-2021"],"post_mailing_queue_ids":[],"_links":{"self":[{"href":"https:\/\/agora.xtec.cat\/ceebalmes2\/wp-json\/wp\/v2\/posts\/2136","targetHints":{"allow":["GET"]}}],"collection":[{"href":"https:\/\/agora.xtec.cat\/ceebalmes2\/wp-json\/wp\/v2\/posts"}],"about":[{"href":"https:\/\/agora.xtec.cat\/ceebalmes2\/wp-json\/wp\/v2\/types\/post"}],"author":[{"embeddable":true,"href":"https:\/\/agora.xtec.cat\/ceebalmes2\/wp-json\/wp\/v2\/users\/1"}],"replies":[{"embeddable":true,"href":"https:\/\/agora.xtec.cat\/ceebalmes2\/wp-json\/wp\/v2\/comments?post=2136"}],"version-history":[{"count":3,"href":"https:\/\/agora.xtec.cat\/ceebalmes2\/wp-json\/wp\/v2\/posts\/2136\/revisions"}],"predecessor-version":[{"id":2357,"href":"https:\/\/agora.xtec.cat\/ceebalmes2\/wp-json\/wp\/v2\/posts\/2136\/revisions\/2357"}],"wp:featuredmedia":[{"embeddable":true,"href":"https:\/\/agora.xtec.cat\/ceebalmes2\/wp-json\/wp\/v2\/media\/2140"}],"wp:attachment":[{"href":"https:\/\/agora.xtec.cat\/ceebalmes2\/wp-json\/wp\/v2\/media?parent=2136"}],"wp:term":[{"taxonomy":"category","embeddable":true,"href":"https:\/\/agora.xtec.cat\/ceebalmes2\/wp-json\/wp\/v2\/categories?post=2136"},{"taxonomy":"post_tag","embeddable":true,"href":"https:\/\/agora.xtec.cat\/ceebalmes2\/wp-json\/wp\/v2\/tags?post=2136"}],"curies":[{"name":"wp","href":"https:\/\/api.w.org\/{rel}","templated":true}]}}