{"id":1879,"date":"2021-02-05T07:56:59","date_gmt":"2021-02-05T06:56:59","guid":{"rendered":"https:\/\/agora.xtec.cat\/ceebalmes2\/?p=1879"},"modified":"2021-02-05T14:25:07","modified_gmt":"2021-02-05T13:25:07","slug":"activitat-dissenyada-per-un-dels-nostres-alumnes","status":"publish","type":"post","link":"https:\/\/agora.xtec.cat\/ceebalmes2\/portada\/activitat-dissenyada-per-un-dels-nostres-alumnes\/","title":{"rendered":"DUES ACTIVITATS DISSENYADES PER UN DELS NOSTRES ALUMNES"},"content":{"rendered":"<p style=\"text-align: justify;\">Ens enorgulleix poder compartir aquestes activitats, que s\u00f3n una mostra del treball fet per un dels nostres alumnes de la classe de la Lluna, en V\u00edctor. Les va dissenyar pensant en un altre company que no pot assistir aquests dies a l&#8217;escola, per\u00f2 la compartim aqu\u00ed\u00a0 perqu\u00e8 de ben segur altres persones les podreu gaudir tamb\u00e9!<\/p>\n<p>Moltes gr\u00e0cies V\u00edctor i enhorabona !!!!<\/p>\n<p><iframe loading=\"lazy\" src=\"https:\/\/wordwall.net\/es\/embed\/ec4c7cf1cedd428b9d4efd37e36aa163?themeId=31&amp;templateId=69\" width=\"500\" height=\"380\" frameborder=\"0\"><\/iframe><\/p>\n<p><iframe loading=\"lazy\" src=\"https:\/\/wordwall.net\/es\/embed\/c4a55bd3445044a8905d05bd1000559a?themeId=31&amp;templateId=69\" width=\"500\" height=\"380\" frameborder=\"0\"><\/iframe><\/p>\n","protected":false},"excerpt":{"rendered":"<p>Ens enorgulleix poder compartir aquestes activitats, que s\u00f3n una mostra del treball fet per un dels nostres alumnes de la classe de la Lluna, en V\u00edctor. Les va dissenyar pensant en un altre company que no pot assistir aquests dies a l&#8217;escola, per\u00f2 la compartim&hellip;  <a href=\"https:\/\/agora.xtec.cat\/ceebalmes2\/portada\/activitat-dissenyada-per-un-dels-nostres-alumnes\/\" title=\"Read DUES ACTIVITATS DISSENYADES PER UN DELS NOSTRES ALUMNES\">Llegeix m\u00e9s\u00bb<\/a><\/p>\n","protected":false},"author":1,"featured_media":0,"comment_status":"open","ping_status":"closed","sticky":false,"template":"","format":"standard","meta":{"_bbp_topic_count":0,"_bbp_reply_count":0,"_bbp_total_topic_count":0,"_bbp_total_reply_count":0,"_bbp_voice_count":0,"_bbp_anonymous_reply_count":0,"_bbp_topic_count_hidden":0,"_bbp_reply_count_hidden":0,"_bbp_forum_subforum_count":0,"footnotes":""},"categories":[61,75,59,62,4],"tags":[100,99,101,73],"class_list":["post-1879","post","type-post","status-publish","format-standard","hentry","category-altres-propostes-educatives-blogs","category-blog-et-dono-la-lluna","category-cee-balmes-ii","category-festes-i-celebracions-a-lescola","category-portada","tag-activitat","tag-altres-propostes-educatives","tag-carnaval-propostes-educatives","tag-recursos-educatius"],"post_mailing_queue_ids":[],"_links":{"self":[{"href":"https:\/\/agora.xtec.cat\/ceebalmes2\/wp-json\/wp\/v2\/posts\/1879","targetHints":{"allow":["GET"]}}],"collection":[{"href":"https:\/\/agora.xtec.cat\/ceebalmes2\/wp-json\/wp\/v2\/posts"}],"about":[{"href":"https:\/\/agora.xtec.cat\/ceebalmes2\/wp-json\/wp\/v2\/types\/post"}],"author":[{"embeddable":true,"href":"https:\/\/agora.xtec.cat\/ceebalmes2\/wp-json\/wp\/v2\/users\/1"}],"replies":[{"embeddable":true,"href":"https:\/\/agora.xtec.cat\/ceebalmes2\/wp-json\/wp\/v2\/comments?post=1879"}],"version-history":[{"count":2,"href":"https:\/\/agora.xtec.cat\/ceebalmes2\/wp-json\/wp\/v2\/posts\/1879\/revisions"}],"predecessor-version":[{"id":1887,"href":"https:\/\/agora.xtec.cat\/ceebalmes2\/wp-json\/wp\/v2\/posts\/1879\/revisions\/1887"}],"wp:attachment":[{"href":"https:\/\/agora.xtec.cat\/ceebalmes2\/wp-json\/wp\/v2\/media?parent=1879"}],"wp:term":[{"taxonomy":"category","embeddable":true,"href":"https:\/\/agora.xtec.cat\/ceebalmes2\/wp-json\/wp\/v2\/categories?post=1879"},{"taxonomy":"post_tag","embeddable":true,"href":"https:\/\/agora.xtec.cat\/ceebalmes2\/wp-json\/wp\/v2\/tags?post=1879"}],"curies":[{"name":"wp","href":"https:\/\/api.w.org\/{rel}","templated":true}]}}