{"id":1588,"date":"2020-04-08T13:20:23","date_gmt":"2020-04-08T11:20:23","guid":{"rendered":"https:\/\/agora.xtec.cat\/ceebalmes2\/?p=1588"},"modified":"2023-11-14T18:23:02","modified_gmt":"2023-11-14T17:23:02","slug":"activitat-de-massatge-i-conte-quin-gust-te-la-lluna","status":"publish","type":"post","link":"https:\/\/agora.xtec.cat\/ceebalmes2\/general\/activitat-de-massatge-i-conte-quin-gust-te-la-lluna\/","title":{"rendered":"ACTIVITAT DE MASSATGE I CONTE &#8220;Quin gust t\u00e9 la lluna?&#8221;"},"content":{"rendered":"<p><a href=\"https:\/\/agora.xtec.cat\/ceebalmes2\/wp-content\/uploads\/usu1973\/2020\/04\/a-que-sabe-la-luna-2.jpg\"><img loading=\"lazy\" decoding=\"async\" class=\"alignnone wp-image-1591\" src=\"https:\/\/agora.xtec.cat\/ceebalmes2\/wp-content\/uploads\/usu1973\/2020\/04\/a-que-sabe-la-luna-2.jpg\" alt=\"\" width=\"270\" height=\"367\" srcset=\"https:\/\/agora.xtec.cat\/ceebalmes2\/wp-content\/uploads\/usu1973\/2020\/04\/a-que-sabe-la-luna-2.jpg 620w, https:\/\/agora.xtec.cat\/ceebalmes2\/wp-content\/uploads\/usu1973\/2020\/04\/a-que-sabe-la-luna-2-220x300.jpg 220w\" sizes=\"auto, (max-width: 270px) 100vw, 270px\" \/><\/a><\/p>\n<p>Per fer som\u00e0tica (o massatge) amb els vostres fills us proposem fer-ho mitjan\u00e7ant un conte, \u201cQuin gust t\u00e9 la lluna?\u201d.<\/p>\n<p>El conte narra la hist\u00f2ria d\u2019uns animals que es van enfilant un a sobre de l\u2019altra per poder arribar a la lluna i menjar-se-la.<\/p>\n<p>Aqu\u00ed teniu les dues versions en catal\u00e0 i castell\u00e0. Si cliqueu a sobre del t\u00edtol \u00a0podreu veure l&#8217;explicaci\u00f3 i els passos proposats en aquesta activitat a m\u00e9s dels enlla\u00e7os dels videos relacionats. \u00a0Esperem que us agradi!<\/p>\n<p>&nbsp;<\/p>\n<h2><strong><a href=\"https:\/\/agora.xtec.cat\/ceebalmes2\/wp-content\/uploads\/usu1973\/2020\/04\/QUIN-GUST-TE-LA-LLUNA.pdf\">QUIN GUST TE LA LLUNA?<\/a><\/strong><\/h2>\n<p>&nbsp;<\/p>\n<p><iframe loading=\"lazy\" src=\"\/\/www.youtube.com\/embed\/D7aMjf2yVAE\" width=\"640\" height=\"360\" frameborder=\"0\"><\/iframe><\/p>\n<p>&nbsp;<\/p>\n<h2><strong><a href=\"https:\/\/agora.xtec.cat\/ceebalmes2\/wp-content\/uploads\/usu1973\/2020\/04\/A-QUE-SABE-LA-LUNA.pdf\">\u00bfA QUE SABE LA LUNA?<\/a><\/strong><\/h2>\n<p>&nbsp;<\/p>\n<p><iframe loading=\"lazy\" src=\"\/\/www.youtube.com\/embed\/ZVrbRoJNBXk\" width=\"640\" height=\"360\" frameborder=\"0\"><\/iframe><\/p>\n","protected":false},"excerpt":{"rendered":"<p><a href=\"https:\/\/agora.xtec.cat\/ceebalmes2\/wp-content\/uploads\/usu1973\/2020\/04\/a-que-sabe-la-luna-2.jpg\"><\/a><br \/>\nPer fer som\u00e0tica (o massatge) amb els vostres fills us proposem fer-ho mitjan\u00e7ant un conte, \u201cQuin gust t\u00e9 la lluna?\u201d.<br \/>\nEl conte narra la hist\u00f2ria d\u2019uns animals que es van enfilant un a sobre de l\u2019altra per poder arribar a la lluna i menjar-se-la.<br \/>\nAqu\u00ed teniu&hellip;  <a href=\"https:\/\/agora.xtec.cat\/ceebalmes2\/general\/activitat-de-massatge-i-conte-quin-gust-te-la-lluna\/\" title=\"Read ACTIVITAT DE MASSATGE I CONTE &#8220;Quin gust t\u00e9 la lluna?&#8221;\">Llegeix m\u00e9s\u00bb<\/a><\/p>\n","protected":false},"author":1,"featured_media":1591,"comment_status":"open","ping_status":"closed","sticky":false,"template":"","format":"standard","meta":{"_bbp_topic_count":0,"_bbp_reply_count":0,"_bbp_total_topic_count":0,"_bbp_total_reply_count":0,"_bbp_voice_count":0,"_bbp_anonymous_reply_count":0,"_bbp_topic_count_hidden":0,"_bbp_reply_count_hidden":0,"_bbp_forum_subforum_count":0,"footnotes":""},"categories":[61,59,1],"tags":[71,73],"class_list":["post-1588","post","type-post","status-publish","format-standard","has-post-thumbnail","hentry","category-altres-propostes-educatives-blogs","category-cee-balmes-ii","category-general","tag-continuem-des-de-casa","tag-recursos-educatius"],"post_mailing_queue_ids":[],"_links":{"self":[{"href":"https:\/\/agora.xtec.cat\/ceebalmes2\/wp-json\/wp\/v2\/posts\/1588","targetHints":{"allow":["GET"]}}],"collection":[{"href":"https:\/\/agora.xtec.cat\/ceebalmes2\/wp-json\/wp\/v2\/posts"}],"about":[{"href":"https:\/\/agora.xtec.cat\/ceebalmes2\/wp-json\/wp\/v2\/types\/post"}],"author":[{"embeddable":true,"href":"https:\/\/agora.xtec.cat\/ceebalmes2\/wp-json\/wp\/v2\/users\/1"}],"replies":[{"embeddable":true,"href":"https:\/\/agora.xtec.cat\/ceebalmes2\/wp-json\/wp\/v2\/comments?post=1588"}],"version-history":[{"count":3,"href":"https:\/\/agora.xtec.cat\/ceebalmes2\/wp-json\/wp\/v2\/posts\/1588\/revisions"}],"predecessor-version":[{"id":1630,"href":"https:\/\/agora.xtec.cat\/ceebalmes2\/wp-json\/wp\/v2\/posts\/1588\/revisions\/1630"}],"wp:featuredmedia":[{"embeddable":true,"href":"https:\/\/agora.xtec.cat\/ceebalmes2\/wp-json\/wp\/v2\/media\/1591"}],"wp:attachment":[{"href":"https:\/\/agora.xtec.cat\/ceebalmes2\/wp-json\/wp\/v2\/media?parent=1588"}],"wp:term":[{"taxonomy":"category","embeddable":true,"href":"https:\/\/agora.xtec.cat\/ceebalmes2\/wp-json\/wp\/v2\/categories?post=1588"},{"taxonomy":"post_tag","embeddable":true,"href":"https:\/\/agora.xtec.cat\/ceebalmes2\/wp-json\/wp\/v2\/tags?post=1588"}],"curies":[{"name":"wp","href":"https:\/\/api.w.org\/{rel}","templated":true}]}}