{"id":1583,"date":"2020-04-18T11:46:47","date_gmt":"2020-04-18T09:46:47","guid":{"rendered":"https:\/\/agora.xtec.cat\/ceebalmes2\/?p=1583"},"modified":"2023-11-14T18:20:48","modified_gmt":"2023-11-14T17:20:48","slug":"preparem-sant-jordi-amb-tots-els-sentits","status":"publish","type":"post","link":"https:\/\/agora.xtec.cat\/ceebalmes2\/general\/preparem-sant-jordi-amb-tots-els-sentits\/","title":{"rendered":"PREPAREM SANT JORDI AMB TOTS ELS SENTITS"},"content":{"rendered":"<p><strong>Avui \u00e9s Sant Jordi!<\/strong><\/p>\n<p>Un Sant Jordi molt especial, un Sant Jordi molt diferent i segur que un Sant Jordi molt recordat.<\/p>\n<p><iframe loading=\"lazy\" src=\"\/\/www.youtube.com\/embed\/W1tSwDE69hY\" width=\"640\" height=\"360\" frameborder=\"0\"><\/iframe><\/p>\n<p>&nbsp;<\/p>\n<p>&nbsp;<\/p>\n<p><strong>EL TACTE \u00a0 \u00a0 \u00a0 \u00a0 \u00a0 \u00a0 \u00a0 \u00a0 \u00a0 \u00a0 \u00a0 \u00a0 \u00a0 \u00a0 \u00a0 \u00a0 \u00a0 \u00a0 \u00a0 \u00a0 \u00a0 \u00a0 \u00a0 \u00a0 <a href=\"https:\/\/agora.xtec.cat\/ceebalmes2\/wp-content\/uploads\/usu1973\/2020\/04\/rosa.png\"><img loading=\"lazy\" decoding=\"async\" class=\"alignnone size-full wp-image-1632\" src=\"https:\/\/agora.xtec.cat\/ceebalmes2\/wp-content\/uploads\/usu1973\/2020\/04\/rosa.png\" alt=\"\" width=\"575\" height=\"265\" srcset=\"https:\/\/agora.xtec.cat\/ceebalmes2\/wp-content\/uploads\/usu1973\/2020\/04\/rosa.png 575w, https:\/\/agora.xtec.cat\/ceebalmes2\/wp-content\/uploads\/usu1973\/2020\/04\/rosa-300x138.png 300w\" sizes=\"auto, (max-width: 575px) 100vw, 575px\" \/><\/a><\/strong><\/p>\n<p>El tacte \u00e9s \u00a0el que posa fi a aquesta setmana dedicada als 5 sentits. Una forma de poder dedicar aquest sentit a la Diada \u00e9s creant una Rosa de St Jordi.<\/p>\n<p>Des de casa volem que aquest Sant Jordi no us faltin roses. Segur que teniu una bona idea de com fer-les. Nosaltres us proposem algunes p\u00e0gines web per si en busqueu m\u00e9s.<\/p>\n<p><em>Hola familias!!<\/em><\/p>\n<p><em>\u00a0<\/em><em>Hoy es Sant Jordi!<\/em><\/p>\n<p><em>Un Sant Jordi muy especial, un Sant Jordi muy diferente y seguro que un Sant Jordi muy recordado.<\/em><\/p>\n<p><em>\u00a0<\/em><em>El tacto es el que pone fin esta semana dedicada a los 5 sentidos. Una forma de poder dedicar este sentido a la Diada es creando una Rosa .<\/em><\/p>\n<p>Desde casa queremos que a este Sant Jordi no le falten rosas. Seguro que tienes una buena idea de c\u00f3mo hacerlas. Nosotros proponemos algunas p\u00e1ginas web por si quieres buscar m\u00e1s\u2026<\/p>\n<p>&nbsp;<\/p>\n<p><a href=\"https:\/\/agora.xtec.cat\/ceebalmes2\/wp-content\/uploads\/usu1973\/2020\/04\/rosa2.jpg\"><img loading=\"lazy\" decoding=\"async\" class=\"wp-image-1631 alignright\" src=\"https:\/\/agora.xtec.cat\/ceebalmes2\/wp-content\/uploads\/usu1973\/2020\/04\/rosa2.jpg\" alt=\"\" width=\"194\" height=\"113\" \/><\/a><\/p>\n<table width=\"350\">\n<tbody>\n<tr>\n<td width=\"350\"><a href=\"https:\/\/www.youtube.com\/watch?v=H_KDOkygJlo\">https:\/\/www.youtube.com\/watch?v=H_KDOkygJlo<\/a><\/p>\n<table style=\"width: 0%; height: 14px;\">\n<tbody>\n<tr style=\"height: 14px;\">\n<td style=\"height: 14px;\" width=\"312\"><\/td>\n<\/tr>\n<\/tbody>\n<\/table>\n<\/td>\n<\/tr>\n<tr>\n<td width=\"350\"><a href=\"https:\/\/www.youtube.com\/watch?v=6lgHXJYB17Q\">https:\/\/www.youtube.com\/watch?v=6lgHXJYB17Q<\/a><\/td>\n<\/tr>\n<tr>\n<td width=\"350\"><a href=\"https:\/\/www.youtube.com\/watch?v=jLCNWWwIGro\">https:\/\/www.youtube.com\/watch?v=jLCNWWwIGro<\/a><\/td>\n<\/tr>\n<tr>\n<td width=\"350\"><a href=\"https:\/\/www.youtube.com\/watch?v=v7rBUqNJOAc\">https:\/\/www.youtube.com\/watch?v=v7rBUqNJOAc<\/a><\/td>\n<\/tr>\n<tr>\n<td width=\"350\"><a href=\"https:\/\/www.youtube.com\/watch?v=UwkyE6THc_A\">https:\/\/www.youtube.com\/watch?v=UwkyE6THc_A<\/a><\/td>\n<\/tr>\n<tr>\n<td width=\"350\"><a href=\"https:\/\/www.youtube.com\/watch?v=qZ3Q6WPVVhY\">https:\/\/www.youtube.com\/watch?v=qZ3Q6WPVVhY<\/a><\/td>\n<\/tr>\n<\/tbody>\n<\/table>\n<p>&nbsp;<\/p>\n<p>Una altra forma de treballar el tacte, \u00e9s fent-li un massatge als teus fills. Aquest massatge pot anar acompanyat d&#8217;un conte o d&#8217;una can\u00e7\u00f3.<\/p>\n<p>A la nostra web teniu la proposta <a href=\"https:\/\/agora.xtec.cat\/ceebalmes2\/general\/activitat-de-massatge-i-conte-quin-gust-te-la-lluna\/\">ACTIVITAT DE MASSATGE I CONTE &#8220;Quin gust t\u00e9 la lluna?&#8221;<\/a><\/p>\n<p>Us enviem uns quants links que us\u00a0 poden ajudar a realitzar aquesta activitat<\/p>\n<p><em>\u00a0<\/em><em>Otra forma de trabajar el tacto, es haci\u00e9ndole un masaje a tus hijos. Este masaje puede ir acompa\u00f1ado de un cuento o de una canci\u00f3n.<\/em><\/p>\n<p><em>Os enviamos unos cuantos links que os\u00a0 pueden ayudar a realizar esta actividad.<\/em><\/p>\n<table width=\"355\">\n<tbody>\n<tr>\n<td width=\"355\"><a href=\"https:\/\/www.youtube.com\/watch?v=Hvo_k8HFluo\">https:\/\/www.youtube.com\/watch?v=Hvo_k8HFluo<\/a><\/td>\n<\/tr>\n<tr>\n<td width=\"355\"><a href=\"https:\/\/www.youtube.com\/watch?v=Q63kh_7ONUg\">https:\/\/www.youtube.com\/watch?v=Q63kh_7ONUg<\/a><\/td>\n<\/tr>\n<tr>\n<td width=\"355\"><a href=\"https:\/\/www.youtube.com\/watch?v=2RaUhbr7Jms\">https:\/\/www.youtube.com\/watch?v=2RaUhbr7Jms<\/a><\/td>\n<\/tr>\n<tr>\n<td width=\"355\"><a href=\"https:\/\/www.youtube.com\/watch?v=o-ew7ZmvQWU\">https:\/\/www.youtube.com\/watch?v=o-ew7ZmvQWU<\/a>\u00a0\u00a0 (can\u00e7ons bressol amb imatges de massatge)<\/td>\n<\/tr>\n<tr>\n<td width=\"355\"><a href=\"https:\/\/www.youtube.com\/watch?v=yFWTnRmUDTw\">https:\/\/www.youtube.com\/watch?v=yFWTnRmUDTw<\/a> (can\u00e7ons bressol amb imatges de massatge vol 2)<\/td>\n<\/tr>\n<tr>\n<td width=\"355\"><a href=\"https:\/\/www.youtube.com\/watch?v=D7aMjf2yVAE&amp;t=8s\">https:\/\/www.youtube.com\/watch?v=D7aMjf2yVAE&amp;t=8s<\/a><\/p>\n<p>Conte \u00a0i massatge &#8221; Quin gust te la lluna?&#8221;<\/td>\n<\/tr>\n<\/tbody>\n<\/table>\n<p>&nbsp;<\/p>\n<p>&nbsp;<\/p>\n<p>&nbsp;<\/p>\n<p>&nbsp;<\/p>\n<p><strong>L&#8217;O\u00cfDA<\/strong><\/p>\n<p><span style=\"font-weight: 400;\">Bon dia! \u00a0 \u00a0 \u00a0 \u00a0 \u00a0 \u00a0 \u00a0 \u00a0 \u00a0 \u00a0 \u00a0 \u00a0 \u00a0 \u00a0 \u00a0 \u00a0 \u00a0 \u00a0 \u00a0\u00a0<a href=\"https:\/\/agora.xtec.cat\/ceebalmes2\/wp-content\/uploads\/usu1973\/2020\/04\/IMG-20200421-WA0050.jpg\"><img loading=\"lazy\" decoding=\"async\" class=\"alignnone wp-image-1622\" src=\"https:\/\/agora.xtec.cat\/ceebalmes2\/wp-content\/uploads\/usu1973\/2020\/04\/IMG-20200421-WA0050.jpg\" alt=\"\" width=\"263\" height=\"173\" srcset=\"https:\/\/agora.xtec.cat\/ceebalmes2\/wp-content\/uploads\/usu1973\/2020\/04\/IMG-20200421-WA0050.jpg 600w, https:\/\/agora.xtec.cat\/ceebalmes2\/wp-content\/uploads\/usu1973\/2020\/04\/IMG-20200421-WA0050-300x197.jpg 300w\" sizes=\"auto, (max-width: 263px) 100vw, 263px\" \/><\/a>\u00a0 \u00a0 \u00a0 \u00a0 \u00a0 \u00a0 \u00a0 \u00a0 \u00a0 \u00a0 \u00a0 \u00a0 \u00a0 \u00a0 \u00a0 \u00a0 \u00a0 \u00a0 \u00a0 \u00a0 \u00a0 \u00a0 \u00a0 \u00a0 \u00a0 \u00a0 \u00a0 \u00a0 \u00a0 <\/span><\/p>\n<p>&nbsp;<\/p>\n<p><span style=\"font-weight: 400;\">Estem a un d\u00eda de celebrar la diada de Sant Jordi, ja hem fet un recorregut per quasi tots els sentits, avui us convidem a preparar la diada utilitzant el sentit de l&#8217;o\u00efda&#8230;<\/span><\/p>\n<p><span style=\"font-weight: 400;\">Cada 23 d&#8217;abril, a les places dels poble, desde ben d&#8217;hora se senten sorolls de taules que es mouen, de caixes que baixen de furgonetes i de llibres que cauen damunt les taules, els llibretaires preparen els stands per rebre a grans i petits, el xivarri de la gent envaeix les places i el soroll de fulls que es passen, omplen els carrers, quina melodia m\u00e9s maca, tot plegat!\u00a0<\/span><\/p>\n<p><span style=\"font-weight: 400;\">Aquest any ser\u00e0 diferent; La festa al carrer la traslladen a un altre d\u00eda, per aix\u00f3 hem d&#8217;estar preparats, us proposem moltes opcions per poder exercitar l&#8217;o\u00efda i no perdre detall quan arribi la festa.<\/span><\/p>\n<p>&nbsp;<\/p>\n<p><i><span style=\"font-weight: 400;\">\u00a1Buenos d\u00edas!<\/span><\/i><\/p>\n<p><i><span style=\"font-weight: 400;\">Estamos a un d\u00eda de celebrar la diada de Sant Jordi, ya hemos hecho un recorrido por casi todos los sentidos, hoy os invitamos a preparar la diada utilizando el sentido del o\u00eddo.<\/span><\/i><\/p>\n<p><i><span style=\"font-weight: 400;\">Cada 23 de abril, en las plazas de los pueblos , desde bien temprano se oyen los ruidos de mesas que se mueven, de cajas que bajan de furgonetas y de libros que caen encima de las mesas, los libreros preparan los stands para recibir a todo el mundo, el murmullo dental gente invade las plazas y el ruido de las hojas que pasan de los libros, llenan las calles, \u00a1Que melod\u00eda tan bonita!<\/span><\/i><\/p>\n<p><i><span style=\"font-weight: 400;\">Este a\u00f1o ser\u00e1 diferente, la fiesta en la calle se traslada a otro d\u00eda, por eso tenemos que estar preparados, os proponemos muchas opciones para ejercitar el o\u00eddo y \u00a1No perder ning\u00fan detalle cuando llegue la fiesta!<\/span><\/i><\/p>\n<p><iframe loading=\"lazy\" src=\"\/\/www.youtube.com\/embed\/kr71DRgU1nA\" width=\"640\" height=\"360\" frameborder=\"0\"><\/iframe><\/p>\n<p><span style=\"font-weight: 400;\">Aqu\u00ed ten\u00e9is algunas propuestas:<\/span><\/p>\n<table>\n<tbody>\n<tr>\n<td><span style=\"font-weight: 400;\">Si fem silenci, podrem sentir la pluja.<\/span><span style=\"font-weight: 400;\">Si nos quedamos en silencio, podemos o\u00edr la lluvia.<\/span><\/p>\n<p><span style=\"font-weight: 400;\">Escoltar la teva can\u00e7\u00f3 preferida.<\/span><\/p>\n<p><span style=\"font-weight: 400;\">Escuchar tu canci\u00f3n preferida.<\/span><\/td>\n<\/tr>\n<tr>\n<td><span style=\"font-weight: 400;\">Que alg\u00fa t&#8217;expliqui un conte o narraci\u00f3.\u00a0<\/span><\/p>\n<p><span style=\"font-weight: 400;\">Que alguien te explique un cuento o narraci\u00f3n.<\/span><\/td>\n<\/tr>\n<tr>\n<td><\/td>\n<\/tr>\n<tr>\n<td><\/td>\n<\/tr>\n<tr>\n<td><span style=\"font-weight: 400;\">Fer el joc que de qui \u00e9s qui amb les veus de tots els professionals de l&#8217;escola.<\/span><\/p>\n<p><span style=\"font-weight: 400;\">Jugar al qui\u00e9n es qui\u00e9n con las voces de los profesionales de la escuela.<\/span><\/td>\n<\/tr>\n<tr>\n<td><iframe loading=\"lazy\" src=\"\/\/www.youtube.com\/embed\/Pfuuo5N6S6c\" width=\"640\" height=\"360\" frameborder=\"0\"><\/iframe><\/td>\n<\/tr>\n<tr>\n<td><\/td>\n<\/tr>\n<tr>\n<td><b>I ALGUNS ENLLA\u00c7OS A INTERNET<\/b><span style=\"font-weight: 400;\">Can\u00e7ons:<\/span><\/p>\n<p><span style=\"font-weight: 400;\">\u00a0\u00a0<\/span><a href=\"https:\/\/youtu.be\/_Wpv1czv08A\"><span style=\"font-weight: 400;\">https:\/\/youtu.be\/_Wpv1czv08A<\/span><\/a><span style=\"font-weight: 400;\">,<\/span><\/p>\n<p><span style=\"font-weight: 400;\">\u00a0<\/span><a href=\"https:\/\/youtu.be\/WXM3Nw_tJ1E\"><span style=\"font-weight: 400;\">https:\/\/youtu.be\/WXM3Nw_tJ1E<\/span><\/a><span style=\"font-weight: 400;\">,\u00a0<\/span><\/p>\n<p><a href=\"https:\/\/youtu.be\/IzlcyYuDPb8\"><span style=\"font-weight: 400;\">https:\/\/youtu.be\/IzlcyYuDPb8<\/span><\/a><\/p>\n<p><a href=\"https:\/\/youtu.be\/u27xt5oVFEc\"><span style=\"font-weight: 400;\">https:\/\/youtu.be\/u27xt5oVFEc<\/span><\/a><\/p>\n<p><a href=\"https:\/\/youtu.be\/___3Vi2xA6Q\"><span style=\"font-weight: 400;\">https:\/\/youtu.be\/___3Vi2xA6Q<\/span><\/a><\/p>\n<p><a href=\"https:\/\/youtu.be\/3HOL4EyoE6k\"><span style=\"font-weight: 400;\">https:\/\/youtu.be\/3HOL4EyoE6k<\/span><\/a><\/p>\n<p><a href=\"https:\/\/youtu.be\/5Blo20LToGM\"><span style=\"font-weight: 400;\">https:\/\/youtu.be\/5Blo20LToG<\/span><\/a><\/td>\n<\/tr>\n<\/tbody>\n<\/table>\n<p><strong>L&#8217;OLFACTE<\/strong><\/p>\n<p><span style=\"font-weight: 400;\">Hola de nou! \u00a0 <a href=\"https:\/\/agora.xtec.cat\/ceebalmes2\/wp-content\/uploads\/usu1973\/2020\/04\/drac-olfacte.jpg\"><img loading=\"lazy\" decoding=\"async\" class=\"alignnone size-full wp-image-1618\" src=\"https:\/\/agora.xtec.cat\/ceebalmes2\/wp-content\/uploads\/usu1973\/2020\/04\/drac-olfacte.jpg\" alt=\"\" width=\"294\" height=\"171\" \/><\/a>\u00a0 \u00a0\u00a0<\/span><\/p>\n<p><span style=\"font-weight: 400;\">Aquest mat\u00ed m&#8217;he despertat amb l&#8217;olor de caf\u00e8 i torrades &#8230; \u00c9s el senyal per llevar-se!<\/span><\/p>\n<p><span style=\"font-weight: 400;\">Cada moment d\u2019el dia t\u00e9 les seves olors: la higiene amb el sab\u00f3, la col\u00f2nia, la crema &#8230;; l&#8217;esmorzar amb la llet i el cacau &#8230;; l&#8217;olor de la bugada, dels guisats a la cuina &#8230;<\/span><\/p>\n<p><span style=\"font-weight: 400;\">Crec que &#8220;El Corona&#8221; no fa olor.<\/span><\/p>\n<p><span style=\"font-weight: 400;\">Avui, us proposem activitats relacionades amb l\u2019Olfacte. A veure qu\u00e8 se us passa pel cap a vosaltres i ho compartiu amb nosaltres!.<\/span><\/p>\n<p><span style=\"font-weight: 400;\">Per cert, a qu\u00e8 ha de fer olor l&#8217;al\u00e8 i el foc del Drac? &#8230;<\/span><\/p>\n<p>&nbsp;<\/p>\n<p><i><span style=\"font-weight: 400;\">\u00a1Hola!<\/span><\/i><\/p>\n<p><i><span style=\"font-weight: 400;\">Esta ma\u00f1ana me he despertado con el olor a caf\u00e9 y tostadas&#8230;Es la se\u00f1al para levantarse !<\/span><\/i><\/p>\n<p><i><span style=\"font-weight: 400;\">Cada momento del d\u00eda tiene sus olores: el aseo con el jab\u00f3n, la colonia&#8230;; el desayuno con la leche y el cacao&#8230;;el olor de la colada, de los guisos en la cocina&#8230;<\/span><\/i><\/p>\n<p><i><span style=\"font-weight: 400;\">Creo que &#8220;El Corona&#8221; no huele.<\/span><\/i><\/p>\n<p><i><span style=\"font-weight: 400;\">Hoy, os proponemos actividades relacionada con el Olfato. A ver qu\u00e9 se os ocurre a vosotros y, si quer\u00e9is, lo compart\u00eds con nosotros !.<\/span><\/i><\/p>\n<p><i><span style=\"font-weight: 400;\">Por cierto,\u00a0 \u00bfa qu\u00e9 debe oler el aliento y el fuego del drag\u00f3n?&#8230;<\/span><\/i><\/p>\n<p><iframe loading=\"lazy\" src=\"\/\/www.youtube.com\/embed\/ghy3ISUtdbQ\" width=\"640\" height=\"360\" frameborder=\"0\"><\/iframe><\/p>\n<p><span style=\"font-weight: 400;\">Aqu\u00ed teniu algunes propostes per investigar:<\/span><\/p>\n<table>\n<tbody>\n<tr>\n<td><span style=\"font-weight: 400;\">Olors de les estades de casa:<\/span><span style=\"font-weight: 400;\">\u00a0<\/span><i><span style=\"font-weight: 400;\">Olors de les estades de casa:<\/span><\/i><\/td>\n<\/tr>\n<tr>\n<td><span style=\"font-weight: 400;\">Quines olors hi ha al dormitori (llen\u00e7ols, mitjons, sabates &#8230;)?\u00a0<\/span><i><span style=\"font-weight: 400;\">\u00bfQu\u00e9 olores hay en\u00a0 el dormitorio (s\u00e1banas, calcetines, zapatos&#8230;)?<\/span><\/i><\/td>\n<\/tr>\n<tr>\n<td><span style=\"font-weight: 400;\">Quines olors hi ha al bany (gel, col\u00f2nia, crema hidratant, sab\u00f3 d&#8217;afaitar&#8230;)?<\/span><i><span style=\"font-weight: 400;\">\u00bfQu\u00e9 olores hay en el ba\u00f1o (gel, colonia, crema hidratante, jab\u00f3n de afeitar&#8230;)?\u00a0<\/span><\/i><\/td>\n<\/tr>\n<tr>\n<td><span style=\"font-weight: 400;\">I a la cuina (oli, vinagre, all, ceba, bugada &#8230;?<\/span><span style=\"font-weight: 400;\">\u00a0\u00bf<\/span><i><span style=\"font-weight: 400;\">Y en la cocina (aceite, vinagre, ajo, cebolla, colada&#8230;?<\/span><\/i><\/td>\n<\/tr>\n<tr>\n<td><span style=\"font-weight: 400;\">Quines olors fan olor les plantes?<\/span><\/p>\n<p><span style=\"font-weight: 400;\">\u00bf <\/span><i><span style=\"font-weight: 400;\">A qu\u00e9 huelen las plantas?<\/span><\/i><\/td>\n<\/tr>\n<tr>\n<td><span style=\"font-weight: 400;\">Qu\u00e8 olors ens agraden? Qu\u00e8 olors no ens agraden?\u00a0<\/span><i><span style=\"font-weight: 400;\">Qu\u00e9 olores nos gustan? Qu\u00e9 olores no nos gustan ?<\/span><\/i><\/td>\n<\/tr>\n<tr>\n<td><span style=\"font-weight: 400;\">A qu\u00e8 olorem nosaltres?\u00a0<\/span><i><span style=\"font-weight: 400;\">A qu\u00e9 olemos nosotros?<\/span><\/i><\/td>\n<\/tr>\n<tr>\n<td><a href=\"https:\/\/agora.xtec.cat\/ceebalmes2\/wp-content\/uploads\/usu1973\/2020\/04\/drac-olfacte2.jpg\"><img loading=\"lazy\" decoding=\"async\" class=\"wp-image-1617 alignright\" src=\"https:\/\/agora.xtec.cat\/ceebalmes2\/wp-content\/uploads\/usu1973\/2020\/04\/drac-olfacte2.jpg\" alt=\"\" width=\"270\" height=\"202\" srcset=\"https:\/\/agora.xtec.cat\/ceebalmes2\/wp-content\/uploads\/usu1973\/2020\/04\/drac-olfacte2.jpg 960w, https:\/\/agora.xtec.cat\/ceebalmes2\/wp-content\/uploads\/usu1973\/2020\/04\/drac-olfacte2-300x225.jpg 300w, https:\/\/agora.xtec.cat\/ceebalmes2\/wp-content\/uploads\/usu1973\/2020\/04\/drac-olfacte2-768x576.jpg 768w, https:\/\/agora.xtec.cat\/ceebalmes2\/wp-content\/uploads\/usu1973\/2020\/04\/drac-olfacte2-200x150.jpg 200w\" sizes=\"auto, (max-width: 270px) 100vw, 270px\" \/><\/a><b>I ALGUNS ENLLA\u00c7OS A INTERNET<\/b><\/p>\n<p>&nbsp;<\/p>\n<p>&nbsp;<\/p>\n<p>&nbsp;<\/p>\n<p><span style=\"font-weight: 400;\">Videos educatius \u00a0 \u00a0 \u00a0 \u00a0 Happy Learning \u201cLos cinco sentidos\u201d \u00a0 \u00a0 \u00a0 \u00a0<\/span><a href=\"https:\/\/youtu.be\/ZBOKaqCee0s\"><span style=\"font-weight: 400;\">https:\/\/youtu.be\/ZBOKaqCee0s<\/span><\/a><\/p>\n<p><span style=\"font-weight: 400;\">\u00a0\u00a0\u00a0\u00a0\u00a0\u00a0\u00a0\u00a0\u00a0\u00a0\u00a0\u00a0\u00a0\u00a0\u00a0\u00a0\u00a0\u00a0\u00a0\u00a0\u00a0\u00a0\u00a0\u00a0\u00a0\u00a0\u00a0\u00a0\u00a0\u00a0\u00a0\u00a0\u00a0\u00a0\u00a0\u00a0Qu\u00e8 qui com \u201cL\u2019olfacte, el sentit oblidat\u201d \u00a0\u00a0<\/span><a href=\"https:\/\/youtu.be\/PBOY9nAAoko\"><span style=\"font-weight: 400;\">https:\/\/youtu.be\/PBOY9nAAoko<\/span><\/a><\/p>\n<p><span style=\"font-weight: 400;\">Dibuixos animats \u00a0 \u00a0 \u00a0 \u00a0 \u201cSUPER SENTIDOS\u201d \u00a0 \u00a0 \u00a0 \u00a0 <\/span><a href=\"https:\/\/youtu.be\/wAL8xiTOdIo\"><span style=\"font-weight: 400;\">https:\/\/youtu.be\/wAL8xiTOdIo<\/span><\/a><\/p>\n<p><span style=\"font-weight: 400;\">\u00a0 \u00a0 \u00a0 \u00a0 \u00a0 \u00a0 \u00a0 \u00a0 \u00a0 \u00a0 \u00a0 \u00a0 \u00a0 \u00a0 \u00a0 \u00a0 \u00a0 \u00a0 Grizzy y els lemmings\u00a0 \u00a0 <\/span><a href=\"https:\/\/www.ccma.cat\/tv3\/super3\/grizzy-i-els-lemmings\/un-os-rastrejador\/video\/5810956\/\"><span style=\"font-weight: 400;\">https:\/\/www.ccma.cat\/tv3\/super3\/grizzy-i-els-lemmings\/un-os-rastrejador\/video\/5810956\/<\/span><\/a><\/p>\n<p><span style=\"font-weight: 400;\">Videoconte \u00a0 \u00a0 \u00a0 \u00a0 \u00a0 \u00a0 \u00a0 \u00a0 \u00a0 \u00a0\u201cOLORES\u201d \u00a0 \u00a0 \u00a0 \u00a0 \u00a0 \u00a0 \u00a0 \u00a0 \u00a0\u00a0<\/span><a href=\"https:\/\/youtu.be\/ouGKeUAo3VM\"><span style=\"font-weight: 400;\">https:\/\/youtu.be\/ouGKeUAo3VM<\/span><\/a><\/p>\n<p>&nbsp;<\/td>\n<\/tr>\n<\/tbody>\n<\/table>\n<p><strong>EL GUST<\/strong><\/p>\n<p>&nbsp;<\/p>\n<p><span style=\"font-weight: 400;\"><a href=\"https:\/\/agora.xtec.cat\/ceebalmes2\/wp-content\/uploads\/usu1973\/2020\/04\/sant-Jordi-gust.jpg\"><img loading=\"lazy\" decoding=\"async\" class=\"alignnone wp-image-1607\" src=\"https:\/\/agora.xtec.cat\/ceebalmes2\/wp-content\/uploads\/usu1973\/2020\/04\/sant-Jordi-gust.jpg\" alt=\"\" width=\"147\" height=\"142\" \/> \u00a0 \u00a0 \u00a0 \u00a0 \u00a0 \u00a0 \u00a0 \u00a0 <\/a>Hola estimades fam\u00edlies !<\/span><\/p>\n<p style=\"text-align: justify;\"><span style=\"font-weight: 400;\">Com us venim anunciant, el proper dijous \u00e9s 23 d&#8217;abril, dia de Sant Jordi. Ja queda poc i, per fer m\u00e9s lleugera l&#8217;espera, us hem proposat fer diferents tasques aquests dies, relacionades amb els cinc sentits.<\/span><\/p>\n<p style=\"text-align: justify;\"><span style=\"font-weight: 400;\">Avui ens toca el gust &#8230;<\/span><\/p>\n<p style=\"text-align: justify;\"><span style=\"font-weight: 400;\">Us proposem que feu amb els vostres fills \/ es, receptes senzilles en les que puguin participar en la mesura de les seves possibilitats. No us preocupeu si nom\u00e9s poden fer-ho acompanyant-vos en l&#8217;elaboraci\u00f3, ja que podran gaudir de fer alguna cosa amb vosaltres, de veure, d&#8217;olorar, provar, tocar i sentir tot el que passi en la vostra cuina.<\/span><\/p>\n<p style=\"text-align: justify;\"><span style=\"font-weight: 400;\">\u00c0nim i &#8220;mans a la massa&#8221;!<\/span><\/p>\n<p style=\"text-align: justify;\"><i><span style=\"font-weight: 400;\">Hola queridas familias!. Como os venimos anunciando, el pr\u00f3ximo jueves es 23 de abril, d\u00eda de Sant Jordi. Ya queda poco y, para hacer m\u00e1s ligera la espera, os hemos propuesto hacer diferentes tareas estos d\u00edas, relacionadas con los cinco sentidos.<\/span><\/i><\/p>\n<p style=\"text-align: justify;\"><i><span style=\"font-weight: 400;\">Hoy nos toca el gusto &#8230;<\/span><\/i><\/p>\n<p style=\"text-align: justify;\"><i><span style=\"font-weight: 400;\">Os proponemos qua hag\u00e1is con vuestros hijos \/ as, recetas sencillas en las que puedan participar en la medida de sus posibilidades. No os preocup\u00e9is si s\u00f3lo pueden hacerlo acompa\u00f1\u00e1ndoos en la elaboraci\u00f3n, ya que podr\u00e1n disfrutar de hacer algo con vosotros, de ver, oler, probar, tocar y sentir todo lo que pase en vuestra cocina.<\/span><\/i><\/p>\n<p style=\"text-align: justify;\"><i><span style=\"font-weight: 400;\">\u00c1nimo y &#8220;manos en la masa&#8221;<\/span><\/i><i><span style=\"font-weight: 400;\">.<\/span><\/i><\/p>\n<p><iframe loading=\"lazy\" src=\"\/\/www.youtube.com\/embed\/h2P1wdnOqcE\" width=\"640\" height=\"360\" frameborder=\"0\"><\/iframe><\/p>\n<p><iframe loading=\"lazy\" src=\"\/\/www.youtube.com\/embed\/9_bSscfpWy0\" width=\"640\" height=\"360\" frameborder=\"0\"><\/iframe><\/p>\n<p>&nbsp;<\/p>\n<p><span style=\"font-weight: 400;\">Aqu\u00ed teniu uns quants suggeriments: \u00a0 \u00a0 \u00a0 \u00a0 \u00a0 \u00a0 \u00a0 \u00a0 \u00a0 \u00a0 \u00a0<a href=\"https:\/\/agora.xtec.cat\/ceebalmes2\/wp-content\/uploads\/usu1973\/2020\/04\/Sant-jordi-gust2.jpg\"><img loading=\"lazy\" decoding=\"async\" class=\"alignnone wp-image-1608\" src=\"https:\/\/agora.xtec.cat\/ceebalmes2\/wp-content\/uploads\/usu1973\/2020\/04\/Sant-jordi-gust2.jpg\" alt=\"\" width=\"152\" height=\"152\" srcset=\"https:\/\/agora.xtec.cat\/ceebalmes2\/wp-content\/uploads\/usu1973\/2020\/04\/Sant-jordi-gust2.jpg 225w, https:\/\/agora.xtec.cat\/ceebalmes2\/wp-content\/uploads\/usu1973\/2020\/04\/Sant-jordi-gust2-150x150.jpg 150w\" sizes=\"auto, (max-width: 152px) 100vw, 152px\" \/><\/a><\/span><\/p>\n<ul>\n<li style=\"font-weight: 400;\"><span style=\"font-weight: 400;\">Sucs naturals amb diferents fruites.<\/span><\/li>\n<li style=\"font-weight: 400;\"><span style=\"font-weight: 400;\">Fondue de xocolata negra o blanca i despr\u00e9s se li poden mullar trossets de fruita.<\/span><\/li>\n<li style=\"font-weight: 400;\"><span style=\"font-weight: 400;\">Crispetes de blat de moro fetes en microones o en paella. Salades o dolces.<\/span><\/li>\n<li style=\"font-weight: 400;\"><span style=\"font-weight: 400;\">Diferents infusions.<\/span><\/li>\n<li style=\"font-weight: 400;\"><span style=\"font-weight: 400;\">Arrebossar trossets de fruita en &#8220;Peta Zeta&#8221;, o provar directament el Peta Zeta &#8230;<\/span><\/li>\n<\/ul>\n<p><span style=\"font-weight: 400;\">Segur que se us ocorren un munt de receptes senzilles per degustar!.<\/span><\/p>\n<p>&nbsp;<\/p>\n<p><i><span style=\"font-weight: 400;\">Aqu\u00ed ten\u00e9is unas cuantas sugerencias:<\/span><\/i><\/p>\n<p>&nbsp;<\/p>\n<ul>\n<li style=\"font-weight: 400;\"><i><span style=\"font-weight: 400;\">Zumos naturales con diferentes frutas.<\/span><\/i><\/li>\n<\/ul>\n<ul>\n<li style=\"font-weight: 400;\"><span style=\"font-weight: 400;\">Fondue de chocolate negro o blanco, al que luego se le pueden mojar trocitos de fruta. <\/span><\/li>\n<\/ul>\n<ul>\n<li style=\"font-weight: 400;\"><span style=\"font-weight: 400;\">Palomitas de ma\u00edz hechas en microondas o en sart\u00e9n .Saladas o dulces.<\/span><\/li>\n<\/ul>\n<ul>\n<li style=\"font-weight: 400;\"><span style=\"font-weight: 400;\">Diferentes infusiones.<\/span><\/li>\n<\/ul>\n<ul>\n<li style=\"font-weight: 400;\"><span style=\"font-weight: 400;\">Rebozar trocitos de fruta en &#8220;Peta Zeta&#8221;, o probar directamente el Peta Zeta&#8230;<\/span><\/li>\n<\/ul>\n<p><i><span style=\"font-weight: 400;\">\u00a1Seguro que se os ocurren un mont\u00f3n de recetas sencillas para degustar !.\u00a0<\/span><\/i><\/p>\n<p><span style=\"font-weight: 400;\">I a Internet\u2026<\/span><\/p>\n<p><a href=\"https:\/\/agora.xtec.cat\/ceebalmes2\/wp-content\/uploads\/usu1973\/2020\/04\/Sant-Jordi-gust-3.jpg\"><img loading=\"lazy\" decoding=\"async\" class=\"alignnone wp-image-1609\" src=\"https:\/\/agora.xtec.cat\/ceebalmes2\/wp-content\/uploads\/usu1973\/2020\/04\/Sant-Jordi-gust-3.jpg\" alt=\"\" width=\"170\" height=\"170\" srcset=\"https:\/\/agora.xtec.cat\/ceebalmes2\/wp-content\/uploads\/usu1973\/2020\/04\/Sant-Jordi-gust-3.jpg 236w, https:\/\/agora.xtec.cat\/ceebalmes2\/wp-content\/uploads\/usu1973\/2020\/04\/Sant-Jordi-gust-3-150x150.jpg 150w\" sizes=\"auto, (max-width: 170px) 100vw, 170px\" \/><\/a><\/p>\n<p>&nbsp;<\/p>\n<table>\n<tbody>\n<tr>\n<td><span style=\"font-weight: 400;\">Gominoles casolanes&#8230;<\/span><\/td>\n<\/tr>\n<tr>\n<td><a href=\"https:\/\/youtu.be\/b3a4KIAAAqg\"><span style=\"font-weight: 400;\">https:\/\/youtu.be\/b3a4KIAAAqg<\/span><\/a><\/td>\n<\/tr>\n<tr>\n<td><\/td>\n<\/tr>\n<tr>\n<td><span style=\"font-weight: 400;\">Flan d\u2019ou al microones&#8230;<\/span><\/td>\n<\/tr>\n<tr>\n<td><a href=\"https:\/\/youtu.be\/W6DbqrVeYxw\"><span style=\"font-weight: 400;\">https:\/\/youtu.be\/W6DbqrVeYxw<\/span><\/a><\/td>\n<\/tr>\n<tr>\n<td><\/td>\n<\/tr>\n<tr>\n<td><span style=\"font-weight: 400;\">Piruletes de xocolata&#8230;<\/span><\/td>\n<\/tr>\n<tr>\n<td><a href=\"http:\/\/www.demoslavueltaaldia.com\/receta\/pituletas-de-chocolate-y-galleta-video-receta\"><span style=\"font-weight: 400;\">http:\/\/www.demoslavueltaaldia.com\/receta\/pituletas-de-chocolate-y-galleta-video-receta<\/span><\/a><\/td>\n<\/tr>\n<tr>\n<td><\/td>\n<\/tr>\n<tr>\n<td><span style=\"font-weight: 400;\">Crestes dolces i salades&#8230;<\/span><\/td>\n<\/tr>\n<tr>\n<td><a href=\"https:\/\/youtu.be\/uNwDvct_1Kk\"><span style=\"font-weight: 400;\">https:\/\/youtu.be\/uNwDvct_1Kk<\/span><\/a><\/td>\n<\/tr>\n<tr>\n<td><\/td>\n<\/tr>\n<tr>\n<td><span style=\"font-weight: 400;\">Humus de colors&#8230;<\/span><\/td>\n<\/tr>\n<tr>\n<td><a href=\"https:\/\/youtu.be\/QnXBzhjnjs0\"><span style=\"font-weight: 400;\">https:\/\/youtu.be\/QnXBzhjnjs0<\/span><\/a><\/td>\n<\/tr>\n<\/tbody>\n<\/table>\n<p><strong>LA VISTA<\/strong><\/p>\n<p><a href=\"https:\/\/agora.xtec.cat\/ceebalmes2\/wp-content\/uploads\/usu1973\/2020\/04\/Sant-jordi-vista.png\"><img loading=\"lazy\" decoding=\"async\" class=\"alignnone size-full wp-image-1612\" src=\"https:\/\/agora.xtec.cat\/ceebalmes2\/wp-content\/uploads\/usu1973\/2020\/04\/Sant-jordi-vista.png\" alt=\"\" width=\"512\" height=\"145\" srcset=\"https:\/\/agora.xtec.cat\/ceebalmes2\/wp-content\/uploads\/usu1973\/2020\/04\/Sant-jordi-vista.png 512w, https:\/\/agora.xtec.cat\/ceebalmes2\/wp-content\/uploads\/usu1973\/2020\/04\/Sant-jordi-vista-300x85.png 300w\" sizes=\"auto, (max-width: 512px) 100vw, 512px\" \/><\/a><\/p>\n<p>Seguim tancats a casa i de tant en tant mirem per la finestra buscant a l&#8217;coronavirus, \u00e0lies &#8220;El Corona&#8221;. Per\u00f2 \u00e9s tan diminut que no hi ha manera de localitzar-lo&#8230;<\/p>\n<p>\u00c9s igual! Tenim coses m\u00e9s xules que fer que trobar a aquest male\u00eft bitxo.<\/p>\n<p>Obriu els missatges que us enviem i gaudiu del que us proposem.<\/p>\n<p>Avui va d&#8217;utilitzar els nostres ulls &#8230;<\/p>\n<p>Que us divertiu i A reveure!<\/p>\n<p>&nbsp;<\/p>\n<p><em>Hola Familias,<\/em><\/p>\n<p><em>Seguimos encerrados en casa y de vez en cuando miramos por la ventana buscando al coronavirus, alias &#8220;El Corona&#8221;. Pero es tan diminuto que no hay manera de localizarlo&#8230; \u00a1Da igual! Tenemos cosas m\u00e1s chulas que hacer que encontrar a ese maldito bicho.<\/em><\/p>\n<p><em>Abrid los mensajes que os enviamos y disfrutad de lo que os proponemos.<\/em><\/p>\n<p><em>Hoy va de usar nuestros ojos&#8230;<\/em><\/p>\n<p><em>\u00a1 Que os divirt\u00e1is y \u00a0hasta la vista !<\/em><\/p>\n<p><iframe loading=\"lazy\" src=\"\/\/www.youtube.com\/embed\/F1ISXkCbNfE\" width=\"640\" height=\"360\" frameborder=\"0\"><\/iframe><\/p>\n<p>I a continuaci\u00f3 algunes propostes relacionades amb Sant Jordi&#8230;<\/p>\n<p><strong>\u00a0<\/strong><\/p>\n<p><strong>Videos:<\/strong><\/p>\n<p><iframe loading=\"lazy\" src=\"\/\/www.youtube.com\/embed\/JRN77Huw5f0\" width=\"640\" height=\"360\" frameborder=\"0\"><\/iframe><\/p>\n<p>LLEGENDA DE SANT JORDI CONFINAT <a href=\"https:\/\/www.youtube.com\/watch?v=tT3mM1GGto0\">https:\/\/www.youtube.com\/watch?v=tT3mM1GGto0<\/a><\/p>\n<p>CONTE DEL CORONAVIRUS\u00a0\u00a0 <a href=\"https:\/\/www.youtube.com\/watch?v=ly_P467k-Nc\">https:\/\/www.youtube.com\/watch?v=ly_P467k-Nc<\/a><\/p>\n<p>HEROINA DEL CORONAVIRUS <a href=\"https:\/\/www.youtube.com\/watch?v=tD0kClwV3O4\">https:\/\/www.youtube.com\/watch?v=tD0kClwV3O4<\/a><\/p>\n<p>LES PRINCESES TAMB\u00c9 ES TIREN PETS <a href=\"https:\/\/www.youtube.com\/watch?v=KGs8wmVgrnI\">https:\/\/www.youtube.com\/watch?v=KGs8wmVgrnI<\/a><\/p>\n<p>HISTORIA DE SANT JORDI (ombres xineses )\u00a0\u00a0\u00a0\u00a0 <a href=\"https:\/\/www.youtube.com\/watch?v=BUmvwdv_dQc\">https:\/\/www.youtube.com\/watch?v=BUmvwdv_dQc<\/a><\/p>\n<p>CUENTO DEL DRAG\u00d3N CHEF <a href=\"https:\/\/www.youtube.com\/watch?v=AllAItsM1OI\">https:\/\/www.youtube.com\/watch?v=AllAItsM1OI<\/a><\/p>\n<p><strong>Pel.l\u00edcules:<\/strong><\/p>\n<p>EL CABALLERO DEL DRAG\u00d3N <a href=\"https:\/\/www.youtube.com\/watch?v=IYdAGn4yoNE\">https:\/\/www.youtube.com\/watch?v=IYdAGn4yoNE<\/a><\/p>\n<p>DRAGONHEART<\/p>\n<p>ERAGON<\/p>\n<p>COCO,\u00a0MI AMIGO EL DRAG\u00d3N <a href=\"https:\/\/youtu.be\/Krp4YDkQUb4\">https:\/\/youtu.be\/Krp4YDkQUb4 \u00a0<\/a><\/p>\n<p>PETER Y EL DRAG\u00d3N<\/p>\n<p>C\u00d3MO ENTRENAR A MI DRAG\u00d3N \/ COM ENSINISTRAR AL MEU DRAC (Versi\u00f3 en catal\u00e0)<\/p>\n<p>SERIE DE DIBUIXOS :\u00a0 los dragones de Mema<\/p>\n<p><strong>Jocs:<\/strong><\/p>\n<p>Dragones y mazmorras, Dragon Craft&#8230; (App Store)<\/p>\n<p><a href=\"https:\/\/agora.xtec.cat\/ceebalmes2\/wp-content\/uploads\/usu1973\/2020\/04\/sant-jordi-vista2.jpg\">\u00a0 \u00a0 \u00a0 \u00a0 \u00a0 \u00a0 \u00a0 \u00a0 \u00a0 \u00a0 \u00a0 \u00a0 \u00a0 \u00a0 \u00a0 \u00a0 \u00a0 \u00a0 \u00a0 \u00a0 \u00a0 \u00a0 \u00a0 \u00a0 \u00a0 \u00a0 \u00a0 \u00a0 \u00a0 \u00a0 \u00a0 \u00a0 \u00a0 \u00a0 \u00a0 \u00a0 \u00a0 \u00a0 \u00a0 \u00a0 \u00a0\u00a0<img loading=\"lazy\" decoding=\"async\" class=\"alignnone size-full wp-image-1613\" src=\"https:\/\/agora.xtec.cat\/ceebalmes2\/wp-content\/uploads\/usu1973\/2020\/04\/sant-jordi-vista2.jpg\" alt=\"\" width=\"225\" height=\"225\" srcset=\"https:\/\/agora.xtec.cat\/ceebalmes2\/wp-content\/uploads\/usu1973\/2020\/04\/sant-jordi-vista2.jpg 225w, https:\/\/agora.xtec.cat\/ceebalmes2\/wp-content\/uploads\/usu1973\/2020\/04\/sant-jordi-vista2-150x150.jpg 150w\" sizes=\"auto, (max-width: 225px) 100vw, 225px\" \/><\/a><\/p>\n","protected":false},"excerpt":{"rendered":"<p>Avui \u00e9s Sant Jordi!<br \/>\nUn Sant Jordi molt especial, un Sant Jordi molt diferent i segur que un Sant Jordi molt recordat.<\/p>\n<p>&nbsp;<br \/>\n&nbsp;<br \/>\nEL TACTE \u00a0 \u00a0 \u00a0 \u00a0 \u00a0 \u00a0 \u00a0 \u00a0 \u00a0 \u00a0 \u00a0 \u00a0 \u00a0 \u00a0 \u00a0 \u00a0 \u00a0 \u00a0 \u00a0 \u00a0 \u00a0 \u00a0 \u00a0&hellip;  <a href=\"https:\/\/agora.xtec.cat\/ceebalmes2\/general\/preparem-sant-jordi-amb-tots-els-sentits\/\" title=\"Read PREPAREM SANT JORDI AMB TOTS ELS SENTITS\">Llegeix m\u00e9s\u00bb<\/a><\/p>\n","protected":false},"author":1,"featured_media":1635,"comment_status":"open","ping_status":"closed","sticky":false,"template":"","format":"standard","meta":{"_bbp_topic_count":0,"_bbp_reply_count":0,"_bbp_total_topic_count":0,"_bbp_total_reply_count":0,"_bbp_voice_count":0,"_bbp_anonymous_reply_count":0,"_bbp_topic_count_hidden":0,"_bbp_reply_count_hidden":0,"_bbp_forum_subforum_count":0,"footnotes":""},"categories":[61,59,62,1,4],"tags":[71,73,63],"class_list":["post-1583","post","type-post","status-publish","format-standard","has-post-thumbnail","hentry","category-altres-propostes-educatives-blogs","category-cee-balmes-ii","category-festes-i-celebracions-a-lescola","category-general","category-portada","tag-continuem-des-de-casa","tag-recursos-educatius","tag-sant-jordi"],"post_mailing_queue_ids":[],"_links":{"self":[{"href":"https:\/\/agora.xtec.cat\/ceebalmes2\/wp-json\/wp\/v2\/posts\/1583","targetHints":{"allow":["GET"]}}],"collection":[{"href":"https:\/\/agora.xtec.cat\/ceebalmes2\/wp-json\/wp\/v2\/posts"}],"about":[{"href":"https:\/\/agora.xtec.cat\/ceebalmes2\/wp-json\/wp\/v2\/types\/post"}],"author":[{"embeddable":true,"href":"https:\/\/agora.xtec.cat\/ceebalmes2\/wp-json\/wp\/v2\/users\/1"}],"replies":[{"embeddable":true,"href":"https:\/\/agora.xtec.cat\/ceebalmes2\/wp-json\/wp\/v2\/comments?post=1583"}],"version-history":[{"count":4,"href":"https:\/\/agora.xtec.cat\/ceebalmes2\/wp-json\/wp\/v2\/posts\/1583\/revisions"}],"predecessor-version":[{"id":1668,"href":"https:\/\/agora.xtec.cat\/ceebalmes2\/wp-json\/wp\/v2\/posts\/1583\/revisions\/1668"}],"wp:featuredmedia":[{"embeddable":true,"href":"https:\/\/agora.xtec.cat\/ceebalmes2\/wp-json\/wp\/v2\/media\/1635"}],"wp:attachment":[{"href":"https:\/\/agora.xtec.cat\/ceebalmes2\/wp-json\/wp\/v2\/media?parent=1583"}],"wp:term":[{"taxonomy":"category","embeddable":true,"href":"https:\/\/agora.xtec.cat\/ceebalmes2\/wp-json\/wp\/v2\/categories?post=1583"},{"taxonomy":"post_tag","embeddable":true,"href":"https:\/\/agora.xtec.cat\/ceebalmes2\/wp-json\/wp\/v2\/tags?post=1583"}],"curies":[{"name":"wp","href":"https:\/\/api.w.org\/{rel}","templated":true}]}}