{"id":1578,"date":"2020-04-16T19:58:05","date_gmt":"2020-04-16T17:58:05","guid":{"rendered":"https:\/\/agora.xtec.cat\/ceebalmes2\/?p=1578"},"modified":"2023-11-14T18:21:27","modified_gmt":"2023-11-14T17:21:27","slug":"arriba-sant-jordi-confinat","status":"publish","type":"post","link":"https:\/\/agora.xtec.cat\/ceebalmes2\/general\/arriba-sant-jordi-confinat\/","title":{"rendered":"ARRIBA &#8220;SANT JORDI CONFINAT&#8221;!!!"},"content":{"rendered":"<p>&nbsp;<\/p>\n<p><iframe loading=\"lazy\" src=\"\/\/www.youtube.com\/embed\/TP3lkXEKPTo\" width=\"640\" height=\"360\" frameborder=\"0\"><\/iframe><\/p>\n<p style=\"text-align: justify;\">Volem proposar-vos una activitat que s\u2019est\u00e0 proposant fer a tota Catalunya per celebrar Sant Jordi. En aquest temps de confinament, no volem deixar de celebrar una de les festes, si no la que m\u00e9s, de les m\u00e9s maques del m\u00f3n!<\/p>\n<p style=\"text-align: justify;\">Com que no sabem els materials que teniu a casa, es deixa a la creativitat de cada un com pot fer una rosa per penjar-la a les finestres i balcons de casa vostra.<\/p>\n<p style=\"text-align: justify;\">Podem proposar-vos que utilitzeu algun llen\u00e7ol vell i feu pintures sobre ell amb les mans o amb tampons fets amb carxofes a les quals h\u00e0gim tallat la punta (recordeu que a Sant Boi som carxofers) Podem utilitzar paper o cartolines i enganxar les flors fetes amb diferents materials &#8230;. Podem imprimir imatges de roses &#8230;Incl\u00fas, si teniu roser, penjar una rosa natural. A la vostra elecci\u00f3.<\/p>\n<p style=\"text-align: justify;\">No \u00e9s obligatori, \u00e9s una proposta que es suma a la que molta gent far\u00e0.<\/p>\n<p>Teniu fins el dia de la Rosa i el Llibre per fer-la i penjar-la.<\/p>\n<p>\u00c0nim !!!<\/p>\n<p>&nbsp;<\/p>\n<p style=\"text-align: justify;\"><em>Queremos proponeros una actividad que se propone hacer en toda Catalu\u00f1a para celebrar Sant Jordi. En este tiempo de confinamiento, no queremos dejar de celebrar una de las fiestas, si no la que m\u00e1s, de las m\u00e1s bonitas del mundo !<\/em><\/p>\n<p style=\"text-align: justify;\"><em>Como no sabemos los materiales que ten\u00e9is en casa, se deja a la creatividad de cada uno c\u00f3mo puede hacer una rosa para colgarla en las ventanas y balcones de vuestra casa.<\/em><\/p>\n<p style=\"text-align: justify;\"><em>Podemos proponeros que utilic\u00e9is alguna s\u00e1bana vieja y hag\u00e1is pinturas sobre ella con las manos o con tampones hechos con alcachofas a las que hayamos cortado la punta (en Sant Boi somos muy alcachoferos)&#8230;Podemos utilizar papel o cartulinas y enganchar las flores hechas con diferentes materiales&#8230;.Podemos imprimir im\u00e1genes de rosas&#8230;Incluso, si ten\u00e9is rosal, colgar una natural. A vuestra elecci\u00f3n.<\/em><\/p>\n<p><em>\u00a1\u00c1nimo! \u00a0 \u00a0 \u00a0 \u00a0 \u00a0 \u00a0 \u00a0 \u00a0 \u00a0 \u00a0 \u00a0 \u00a0 \u00a0 \u00a0 \u00a0<\/em><\/p>\n<p><iframe loading=\"lazy\" src=\"\/\/www.youtube.com\/embed\/5LEKtpnDB40\" width=\"640\" height=\"360\" frameborder=\"0\"><\/iframe><\/p>\n","protected":false},"excerpt":{"rendered":"<p>&nbsp;<\/p>\n<p>Volem proposar-vos una activitat que s\u2019est\u00e0 proposant fer a tota Catalunya per celebrar Sant Jordi. En aquest temps de confinament, no volem deixar de celebrar una de les festes, si no la que m\u00e9s, de les m\u00e9s maques del m\u00f3n!<br \/>\nCom que no sabem els materials&hellip;  <a href=\"https:\/\/agora.xtec.cat\/ceebalmes2\/general\/arriba-sant-jordi-confinat\/\" title=\"Read ARRIBA &#8220;SANT JORDI CONFINAT&#8221;!!!\">Llegeix m\u00e9s\u00bb<\/a><\/p>\n","protected":false},"author":1,"featured_media":1581,"comment_status":"open","ping_status":"closed","sticky":false,"template":"","format":"standard","meta":{"_bbp_topic_count":0,"_bbp_reply_count":0,"_bbp_total_topic_count":0,"_bbp_total_reply_count":0,"_bbp_voice_count":0,"_bbp_anonymous_reply_count":0,"_bbp_topic_count_hidden":0,"_bbp_reply_count_hidden":0,"_bbp_forum_subforum_count":0,"footnotes":""},"categories":[61,69,62,1,4],"tags":[71,63],"class_list":["post-1578","post","type-post","status-publish","format-standard","has-post-thumbnail","hentry","category-altres-propostes-educatives-blogs","category-blogs","category-festes-i-celebracions-a-lescola","category-general","category-portada","tag-continuem-des-de-casa","tag-sant-jordi"],"post_mailing_queue_ids":[],"_links":{"self":[{"href":"https:\/\/agora.xtec.cat\/ceebalmes2\/wp-json\/wp\/v2\/posts\/1578","targetHints":{"allow":["GET"]}}],"collection":[{"href":"https:\/\/agora.xtec.cat\/ceebalmes2\/wp-json\/wp\/v2\/posts"}],"about":[{"href":"https:\/\/agora.xtec.cat\/ceebalmes2\/wp-json\/wp\/v2\/types\/post"}],"author":[{"embeddable":true,"href":"https:\/\/agora.xtec.cat\/ceebalmes2\/wp-json\/wp\/v2\/users\/1"}],"replies":[{"embeddable":true,"href":"https:\/\/agora.xtec.cat\/ceebalmes2\/wp-json\/wp\/v2\/comments?post=1578"}],"version-history":[{"count":2,"href":"https:\/\/agora.xtec.cat\/ceebalmes2\/wp-json\/wp\/v2\/posts\/1578\/revisions"}],"predecessor-version":[{"id":1582,"href":"https:\/\/agora.xtec.cat\/ceebalmes2\/wp-json\/wp\/v2\/posts\/1578\/revisions\/1582"}],"wp:featuredmedia":[{"embeddable":true,"href":"https:\/\/agora.xtec.cat\/ceebalmes2\/wp-json\/wp\/v2\/media\/1581"}],"wp:attachment":[{"href":"https:\/\/agora.xtec.cat\/ceebalmes2\/wp-json\/wp\/v2\/media?parent=1578"}],"wp:term":[{"taxonomy":"category","embeddable":true,"href":"https:\/\/agora.xtec.cat\/ceebalmes2\/wp-json\/wp\/v2\/categories?post=1578"},{"taxonomy":"post_tag","embeddable":true,"href":"https:\/\/agora.xtec.cat\/ceebalmes2\/wp-json\/wp\/v2\/tags?post=1578"}],"curies":[{"name":"wp","href":"https:\/\/api.w.org\/{rel}","templated":true}]}}