{"id":1512,"date":"2020-03-13T10:54:29","date_gmt":"2020-03-13T09:54:29","guid":{"rendered":"https:\/\/agora.xtec.cat\/ceebalmes2\/?p=1512"},"modified":"2020-06-08T12:59:06","modified_gmt":"2020-06-08T10:59:06","slug":"comunicat-tancament-centres-educatius-de-catalunya","status":"publish","type":"post","link":"https:\/\/agora.xtec.cat\/ceebalmes2\/general\/comunicat-tancament-centres-educatius-de-catalunya\/","title":{"rendered":"COMUNICAT TANCAMENT CENTRES EDUCATIUS DE CATALUNYA"},"content":{"rendered":"<p style=\"text-align: justify;\"><span data-removefontsize=\"true\" data-originalcomputedfontsize=\"16\">Benvolgudes fam\u00edlies,<\/span><\/p>\n<p><em><span data-removefontsize=\"true\" data-originalcomputedfontsize=\"16\">El Departament d\u2019Educaci\u00f3, seguint instruccions del Departament de Salut i com a mesura excepcional per contenir el coronavirus, <strong data-removefontsize=\"true\" data-originalcomputedfontsize=\"16\">ha pres la decisi\u00f3 de tancar a partir del dia 13 de mar\u00e7 i fins al proper dia 27 mar\u00e7, ambd\u00f3s inclosos<\/strong>, <strong data-removefontsize=\"true\" data-originalcomputedfontsize=\"16\">tots els centres educatius del pa\u00eds<\/strong> i, per tant, han quedat suspeses les classes en horari lectiu i les activitats extraescolars.<\/span><\/em><\/p>\n<p><em>\u00a0<\/em><em><span data-removefontsize=\"true\" data-originalcomputedfontsize=\"16\">Seguirem prestant\u00a0 atenci\u00f3 a les instruccions del Departament de Salut i a l\u2019evoluci\u00f3 de la situaci\u00f3.<\/span><\/em><\/p>\n<p><em><span data-removefontsize=\"true\" data-originalcomputedfontsize=\"16\">Tamb\u00e9 us recordem que cal que seguiu les indicacions, recomanacions i protocols que estableix el Departament de Salut pel que fa a la prevenci\u00f3 del virus i que podeu consultar a <a href=\"http:\/\/canalsalut.gencat.cat\/coronavirus\" data-saferedirecturl=\"https:\/\/www.google.com\/url?q=http:\/\/canalsalut.gencat.cat\/coronavirus&amp;source=gmail&amp;ust=1584179088831000&amp;usg=AFQjCNGN3ZCDbQSgEY9v3Bw9FhDZx6IwWw\" data-removefontsize=\"true\" data-originalcomputedfontsize=\"16\">http:\/\/canalsalut.gencat.cat\/coronavirus<\/a><\/span><\/em><\/p>\n<p><em>\u00a0<\/em><em><span data-removefontsize=\"true\" data-originalcomputedfontsize=\"16\">El Departament d\u2019Educaci\u00f3 far\u00e0 arribar a la direcci\u00f3 del centre les indicacions pertinents en relaci\u00f3 als dubtes que puguin\u00a0<\/span><\/em><\/p>\n<p><span data-removefontsize=\"true\" data-originalcomputedfontsize=\"16\">Us recomanem que si necessiteu comunicar-vos amb nosaltres ho feu a trav\u00e9s del correu electr\u00f2nic <a href=\"mailto:balmes2@ibalmes.com\" data-removefontsize=\"true\" data-originalcomputedfontsize=\"16\">Balmes2@ibalmes.org<\/a> o del tel\u00e8fon\u00a0 <\/span><strong data-removefontsize=\"true\" data-originalcomputedfontsize=\"16\"><a href=\"tel:695-17-51-81\">695-17-51-81<\/a><\/strong><\/p>\n<p><em>\u00a0<\/em><em><span data-removefontsize=\"true\" data-originalcomputedfontsize=\"16\">Us agra\u00efm la vostra comprensi\u00f3 i col\u00b7laboraci\u00f3.<\/span><\/em><\/p>\n<p><em>\u00a0Equip Directiu CEE Balmes II<\/em><\/p>\n<p><strong><em>\u00a0<\/em><\/strong><\/p>\n","protected":false},"excerpt":{"rendered":"<p>Benvolgudes fam\u00edlies,<br \/>\nEl Departament d\u2019Educaci\u00f3, seguint instruccions del Departament de Salut i com a mesura excepcional per contenir el coronavirus, ha pres la decisi\u00f3 de tancar a partir del dia 13 de mar\u00e7 i fins al proper dia 27 mar\u00e7, ambd\u00f3s inclosos, tots els centres educatius&hellip;  <a href=\"https:\/\/agora.xtec.cat\/ceebalmes2\/general\/comunicat-tancament-centres-educatius-de-catalunya\/\" title=\"Read COMUNICAT TANCAMENT CENTRES EDUCATIUS DE CATALUNYA\">Llegeix m\u00e9s\u00bb<\/a><\/p>\n","protected":false},"author":1,"featured_media":0,"comment_status":"open","ping_status":"closed","sticky":false,"template":"","format":"standard","meta":{"_bbp_topic_count":0,"_bbp_reply_count":0,"_bbp_total_topic_count":0,"_bbp_total_reply_count":0,"_bbp_voice_count":0,"_bbp_anonymous_reply_count":0,"_bbp_topic_count_hidden":0,"_bbp_reply_count_hidden":0,"_bbp_forum_subforum_count":0,"footnotes":""},"categories":[59,1,4],"tags":[74,81],"class_list":["post-1512","post","type-post","status-publish","format-standard","hentry","category-cee-balmes-ii","category-general","category-portada","tag-covid-19","tag-informacions"],"post_mailing_queue_ids":[],"_links":{"self":[{"href":"https:\/\/agora.xtec.cat\/ceebalmes2\/wp-json\/wp\/v2\/posts\/1512","targetHints":{"allow":["GET"]}}],"collection":[{"href":"https:\/\/agora.xtec.cat\/ceebalmes2\/wp-json\/wp\/v2\/posts"}],"about":[{"href":"https:\/\/agora.xtec.cat\/ceebalmes2\/wp-json\/wp\/v2\/types\/post"}],"author":[{"embeddable":true,"href":"https:\/\/agora.xtec.cat\/ceebalmes2\/wp-json\/wp\/v2\/users\/1"}],"replies":[{"embeddable":true,"href":"https:\/\/agora.xtec.cat\/ceebalmes2\/wp-json\/wp\/v2\/comments?post=1512"}],"version-history":[{"count":3,"href":"https:\/\/agora.xtec.cat\/ceebalmes2\/wp-json\/wp\/v2\/posts\/1512\/revisions"}],"predecessor-version":[{"id":1516,"href":"https:\/\/agora.xtec.cat\/ceebalmes2\/wp-json\/wp\/v2\/posts\/1512\/revisions\/1516"}],"wp:attachment":[{"href":"https:\/\/agora.xtec.cat\/ceebalmes2\/wp-json\/wp\/v2\/media?parent=1512"}],"wp:term":[{"taxonomy":"category","embeddable":true,"href":"https:\/\/agora.xtec.cat\/ceebalmes2\/wp-json\/wp\/v2\/categories?post=1512"},{"taxonomy":"post_tag","embeddable":true,"href":"https:\/\/agora.xtec.cat\/ceebalmes2\/wp-json\/wp\/v2\/tags?post=1512"}],"curies":[{"name":"wp","href":"https:\/\/api.w.org\/{rel}","templated":true}]}}