{"id":1113,"date":"2019-09-28T19:53:55","date_gmt":"2019-09-28T17:53:55","guid":{"rendered":"https:\/\/agora.xtec.cat\/ceebalmes2\/?p=1113"},"modified":"2019-11-20T14:21:56","modified_gmt":"2019-11-20T13:21:56","slug":"cursa-rett-race-4","status":"publish","type":"post","link":"https:\/\/agora.xtec.cat\/ceebalmes2\/portada\/cursa-rett-race-4\/","title":{"rendered":"CURSA RETT RACE 4"},"content":{"rendered":"<p><a href=\"https:\/\/agora.xtec.cat\/ceebalmes2\/wp-content\/uploads\/usu1973\/2019\/09\/rett.jpg\"><img loading=\"lazy\" decoding=\"async\" class=\"alignnone wp-image-1083 alignleft\" src=\"https:\/\/agora.xtec.cat\/ceebalmes2\/wp-content\/uploads\/usu1973\/2019\/09\/rett-709x1024.jpg\" alt=\"\" width=\"336\" height=\"485\" srcset=\"https:\/\/agora.xtec.cat\/ceebalmes2\/wp-content\/uploads\/usu1973\/2019\/09\/rett-709x1024.jpg 709w, https:\/\/agora.xtec.cat\/ceebalmes2\/wp-content\/uploads\/usu1973\/2019\/09\/rett-208x300.jpg 208w, https:\/\/agora.xtec.cat\/ceebalmes2\/wp-content\/uploads\/usu1973\/2019\/09\/rett-768x1110.jpg 768w, https:\/\/agora.xtec.cat\/ceebalmes2\/wp-content\/uploads\/usu1973\/2019\/09\/rett.jpg 1076w\" sizes=\"auto, (max-width: 336px) 100vw, 336px\" \/><\/a><\/p>\n<p>Hem comen\u00e7at el curs amb una gran cursa que colabora amb la investigaci\u00f3 de la s\u00edndrome de Rett<!--more--><\/p>\n<p>&nbsp;<\/p>\n<h3 style=\"text-align: justify;\"><a href=\"https:\/\/agora.xtec.cat\/ceebalmes2\/wp-content\/uploads\/usu1973\/2019\/09\/quadres-Rett-race4.jpg\">\u00a0 \u00a0 \u00a0<\/a><a style=\"font-size: 1.6875em; line-height: 1.4;\" href=\"https:\/\/agora.xtec.cat\/ceebalmes2\/wp-content\/uploads\/usu1973\/2019\/09\/quadres-Rett-race4.jpg\">\u00a0\u00a0 \u00a0 \u00a0 <\/a>\u00a0 \u00a0\u00a0<span style=\"color: #800080;\">Els nostres alumnes <\/span><\/h3>\n<h3 style=\"text-align: justify;\"><span style=\"color: #800080;\">\u00a0 \u00a0 \u00a0 \u00a0 \u00a0 \u00a0 \u00a0 \u00a0 \u00a0 \u00a0 \u00a0 \u00a0 \u00a0 \u00a0 \u00a0 \u00a0 \u00a0 \u00a0 \u00a0 han deixat les seves empremtes \u00a0 \u00a0 \u00a0 \u00a0 \u00a0 \u00a0 \u00a0 \u00a0 \u00a0 \u00a0 \u00a0 \u00a0 \u00a0 \u00a0 \u00a0 \u00a0 \u00a0 \u00a0 \u00a0 \u00a0 \u00a0 \u00a0 \u00a0 \u00a0 \u00a0 \u00a0 \u00a0 \u00a0 \u00a0 \u00a0 \u00a0 \u00a0 \u00a0 \u00a0en l&#8217;elaboraci\u00f3 d&#8217;uns trofeus <\/span><\/h3>\n<h3 style=\"text-align: justify;\"><span style=\"color: #800080;\">\u00a0 \u00a0 \u00a0 \u00a0 \u00a0 \u00a0 \u00a0 \u00a0 \u00a0 \u00a0 \u00a0 \u00a0 \u00a0 \u00a0 \u00a0 \u00a0 \u00a0 \u00a0 \u00a0 \u00a0 \u00a0 \u00a0 \u00a0 \u00a0 \u00a0 \u00a0 \u00a0 \u00a0 \u00a0 \u00a0 \u00a0molt especials!<\/span><\/h3>\n<h4><\/h4>\n<p><a href=\"https:\/\/agora.xtec.cat\/ceebalmes2\/wp-content\/uploads\/usu1973\/2019\/09\/quadres-Rett-race4.jpg\"> \u00a0<\/a><a href=\"https:\/\/agora.xtec.cat\/ceebalmes2\/wp-content\/uploads\/usu1973\/2019\/09\/nathanrett.jpg\"><img loading=\"lazy\" decoding=\"async\" class=\"alignnone wp-image-1162\" src=\"https:\/\/agora.xtec.cat\/ceebalmes2\/wp-content\/uploads\/usu1973\/2019\/09\/nathanrett.jpg\" alt=\"\" width=\"333\" height=\"445\" srcset=\"https:\/\/agora.xtec.cat\/ceebalmes2\/wp-content\/uploads\/usu1973\/2019\/09\/nathanrett.jpg 335w, https:\/\/agora.xtec.cat\/ceebalmes2\/wp-content\/uploads\/usu1973\/2019\/09\/nathanrett-224x300.jpg 224w\" sizes=\"auto, (max-width: 333px) 100vw, 333px\" \/> \u00a0 \u00a0 \u00a0 <\/a><a href=\"https:\/\/agora.xtec.cat\/ceebalmes2\/wp-content\/uploads\/usu1973\/2019\/09\/janarett.jpg\"><img loading=\"lazy\" decoding=\"async\" class=\"alignnone wp-image-1163\" src=\"https:\/\/agora.xtec.cat\/ceebalmes2\/wp-content\/uploads\/usu1973\/2019\/09\/janarett.jpg\" alt=\"\" width=\"411\" height=\"231\" srcset=\"https:\/\/agora.xtec.cat\/ceebalmes2\/wp-content\/uploads\/usu1973\/2019\/09\/janarett.jpg 448w, https:\/\/agora.xtec.cat\/ceebalmes2\/wp-content\/uploads\/usu1973\/2019\/09\/janarett-300x169.jpg 300w\" sizes=\"auto, (max-width: 411px) 100vw, 411px\" \/> \u00a0 \u00a0 \u00a0<\/a><a href=\"https:\/\/agora.xtec.cat\/ceebalmes2\/wp-content\/uploads\/usu1973\/2019\/09\/cristianrett.jpg\"><img loading=\"lazy\" decoding=\"async\" class=\"alignnone wp-image-1164\" src=\"https:\/\/agora.xtec.cat\/ceebalmes2\/wp-content\/uploads\/usu1973\/2019\/09\/cristianrett.jpg\" alt=\"\" width=\"366\" height=\"206\" srcset=\"https:\/\/agora.xtec.cat\/ceebalmes2\/wp-content\/uploads\/usu1973\/2019\/09\/cristianrett.jpg 448w, https:\/\/agora.xtec.cat\/ceebalmes2\/wp-content\/uploads\/usu1973\/2019\/09\/cristianrett-300x169.jpg 300w\" sizes=\"auto, (max-width: 366px) 100vw, 366px\" \/><\/a><a href=\"https:\/\/agora.xtec.cat\/ceebalmes2\/wp-content\/uploads\/usu1973\/2019\/09\/derekrett.jpg\"><img loading=\"lazy\" decoding=\"async\" class=\"alignnone wp-image-1165\" src=\"https:\/\/agora.xtec.cat\/ceebalmes2\/wp-content\/uploads\/usu1973\/2019\/09\/derekrett.jpg\" alt=\"\" width=\"359\" height=\"202\" srcset=\"https:\/\/agora.xtec.cat\/ceebalmes2\/wp-content\/uploads\/usu1973\/2019\/09\/derekrett.jpg 448w, https:\/\/agora.xtec.cat\/ceebalmes2\/wp-content\/uploads\/usu1973\/2019\/09\/derekrett-300x169.jpg 300w\" sizes=\"auto, (max-width: 359px) 100vw, 359px\" \/> \u00a0 \u00a0 \u00a0<\/a><a href=\"https:\/\/agora.xtec.cat\/ceebalmes2\/wp-content\/uploads\/usu1973\/2019\/09\/andrearett.jpg\"><img loading=\"lazy\" decoding=\"async\" class=\"alignnone wp-image-1166\" src=\"https:\/\/agora.xtec.cat\/ceebalmes2\/wp-content\/uploads\/usu1973\/2019\/09\/andrearett.jpg\" alt=\"\" width=\"375\" height=\"281\" srcset=\"https:\/\/agora.xtec.cat\/ceebalmes2\/wp-content\/uploads\/usu1973\/2019\/09\/andrearett.jpg 448w, https:\/\/agora.xtec.cat\/ceebalmes2\/wp-content\/uploads\/usu1973\/2019\/09\/andrearett-300x225.jpg 300w, https:\/\/agora.xtec.cat\/ceebalmes2\/wp-content\/uploads\/usu1973\/2019\/09\/andrearett-200x150.jpg 200w\" sizes=\"auto, (max-width: 375px) 100vw, 375px\" \/><\/a><a href=\"https:\/\/agora.xtec.cat\/ceebalmes2\/wp-content\/uploads\/usu1973\/2019\/09\/mariarett.jpg\"><img loading=\"lazy\" decoding=\"async\" class=\"alignnone wp-image-1167\" src=\"https:\/\/agora.xtec.cat\/ceebalmes2\/wp-content\/uploads\/usu1973\/2019\/09\/mariarett.jpg\" alt=\"\" width=\"355\" height=\"266\" srcset=\"https:\/\/agora.xtec.cat\/ceebalmes2\/wp-content\/uploads\/usu1973\/2019\/09\/mariarett.jpg 448w, https:\/\/agora.xtec.cat\/ceebalmes2\/wp-content\/uploads\/usu1973\/2019\/09\/mariarett-300x225.jpg 300w, https:\/\/agora.xtec.cat\/ceebalmes2\/wp-content\/uploads\/usu1973\/2019\/09\/mariarett-200x150.jpg 200w\" sizes=\"auto, (max-width: 355px) 100vw, 355px\" \/> \u00a0 \u00a0 \u00a0 \u00a0 <\/a><a href=\"https:\/\/agora.xtec.cat\/ceebalmes2\/wp-content\/uploads\/usu1973\/2019\/09\/valentinarett.jpg\"><img loading=\"lazy\" decoding=\"async\" class=\"alignnone wp-image-1168\" src=\"https:\/\/agora.xtec.cat\/ceebalmes2\/wp-content\/uploads\/usu1973\/2019\/09\/valentinarett.jpg\" alt=\"\" width=\"326\" height=\"293\" srcset=\"https:\/\/agora.xtec.cat\/ceebalmes2\/wp-content\/uploads\/usu1973\/2019\/09\/valentinarett.jpg 374w, https:\/\/agora.xtec.cat\/ceebalmes2\/wp-content\/uploads\/usu1973\/2019\/09\/valentinarett-300x270.jpg 300w\" sizes=\"auto, (max-width: 326px) 100vw, 326px\" \/><\/a><a href=\"https:\/\/agora.xtec.cat\/ceebalmes2\/wp-content\/uploads\/usu1973\/2019\/09\/didacrett.jpg\"><img loading=\"lazy\" decoding=\"async\" class=\"alignnone wp-image-1161\" src=\"https:\/\/agora.xtec.cat\/ceebalmes2\/wp-content\/uploads\/usu1973\/2019\/09\/didacrett.jpg\" alt=\"\" width=\"280\" height=\"374\" srcset=\"https:\/\/agora.xtec.cat\/ceebalmes2\/wp-content\/uploads\/usu1973\/2019\/09\/didacrett.jpg 335w, https:\/\/agora.xtec.cat\/ceebalmes2\/wp-content\/uploads\/usu1973\/2019\/09\/didacrett-224x300.jpg 224w\" sizes=\"auto, (max-width: 280px) 100vw, 280px\" \/> \u00a0 \u00a0 \u00a0 \u00a0 \u00a0 \u00a0 \u00a0 <\/a><img loading=\"lazy\" decoding=\"async\" class=\"alignnone wp-image-1169\" src=\"https:\/\/agora.xtec.cat\/ceebalmes2\/wp-content\/uploads\/usu1973\/2019\/09\/ariarett.jpg\" alt=\"\" width=\"372\" height=\"209\" srcset=\"https:\/\/agora.xtec.cat\/ceebalmes2\/wp-content\/uploads\/usu1973\/2019\/09\/ariarett.jpg 448w, https:\/\/agora.xtec.cat\/ceebalmes2\/wp-content\/uploads\/usu1973\/2019\/09\/ariarett-300x169.jpg 300w\" sizes=\"auto, (max-width: 372px) 100vw, 372px\" \/> \u00a0\u00a0 \u00a0\u00a0<a href=\"https:\/\/agora.xtec.cat\/ceebalmes2\/wp-content\/uploads\/usu1973\/2019\/09\/laiarett.jpg\"><img loading=\"lazy\" decoding=\"async\" class=\"alignnone wp-image-1171\" src=\"https:\/\/agora.xtec.cat\/ceebalmes2\/wp-content\/uploads\/usu1973\/2019\/09\/laiarett.jpg\" alt=\"\" width=\"356\" height=\"267\" srcset=\"https:\/\/agora.xtec.cat\/ceebalmes2\/wp-content\/uploads\/usu1973\/2019\/09\/laiarett.jpg 448w, https:\/\/agora.xtec.cat\/ceebalmes2\/wp-content\/uploads\/usu1973\/2019\/09\/laiarett-300x225.jpg 300w, https:\/\/agora.xtec.cat\/ceebalmes2\/wp-content\/uploads\/usu1973\/2019\/09\/laiarett-200x150.jpg 200w\" sizes=\"auto, (max-width: 356px) 100vw, 356px\" \/><\/a><a href=\"https:\/\/agora.xtec.cat\/ceebalmes2\/wp-content\/uploads\/usu1973\/2019\/09\/lararett.jpg\"><img loading=\"lazy\" decoding=\"async\" class=\"alignnone wp-image-1172\" src=\"https:\/\/agora.xtec.cat\/ceebalmes2\/wp-content\/uploads\/usu1973\/2019\/09\/lararett.jpg\" alt=\"\" width=\"380\" height=\"285\" srcset=\"https:\/\/agora.xtec.cat\/ceebalmes2\/wp-content\/uploads\/usu1973\/2019\/09\/lararett.jpg 448w, https:\/\/agora.xtec.cat\/ceebalmes2\/wp-content\/uploads\/usu1973\/2019\/09\/lararett-300x225.jpg 300w, https:\/\/agora.xtec.cat\/ceebalmes2\/wp-content\/uploads\/usu1973\/2019\/09\/lararett-200x150.jpg 200w\" sizes=\"auto, (max-width: 380px) 100vw, 380px\" \/>\u00a0 \u00a0 \u00a0 \u00a0 \u00a0<\/a><a href=\"https:\/\/agora.xtec.cat\/ceebalmes2\/wp-content\/uploads\/usu1973\/2019\/09\/zaidrett.jpg\"><img loading=\"lazy\" decoding=\"async\" class=\"alignnone wp-image-1160\" src=\"https:\/\/agora.xtec.cat\/ceebalmes2\/wp-content\/uploads\/usu1973\/2019\/09\/zaidrett.jpg\" alt=\"\" width=\"379\" height=\"507\" srcset=\"https:\/\/agora.xtec.cat\/ceebalmes2\/wp-content\/uploads\/usu1973\/2019\/09\/zaidrett.jpg 335w, https:\/\/agora.xtec.cat\/ceebalmes2\/wp-content\/uploads\/usu1973\/2019\/09\/zaidrett-224x300.jpg 224w\" sizes=\"auto, (max-width: 379px) 100vw, 379px\" \/>\u00a0\u00a0\u00a0 <\/a><a href=\"https:\/\/agora.xtec.cat\/ceebalmes2\/wp-content\/uploads\/usu1973\/2019\/09\/quadres-Rett-race4.jpg\"><img loading=\"lazy\" decoding=\"async\" class=\"alignnone wp-image-1105\" src=\"https:\/\/agora.xtec.cat\/ceebalmes2\/wp-content\/uploads\/usu1973\/2019\/09\/quadres-Rett-race4-614x1024.jpg\" alt=\"\" width=\"539\" height=\"899\" srcset=\"https:\/\/agora.xtec.cat\/ceebalmes2\/wp-content\/uploads\/usu1973\/2019\/09\/quadres-Rett-race4-614x1024.jpg 614w, https:\/\/agora.xtec.cat\/ceebalmes2\/wp-content\/uploads\/usu1973\/2019\/09\/quadres-Rett-race4-180x300.jpg 180w, https:\/\/agora.xtec.cat\/ceebalmes2\/wp-content\/uploads\/usu1973\/2019\/09\/quadres-Rett-race4.jpg 768w\" sizes=\"auto, (max-width: 539px) 100vw, 539px\" \/><\/a><\/p>\n<p>&nbsp;<\/p>\n<h4 style=\"text-align: center;\"><\/h4>\n<h4 style=\"text-align: center;\"><span style=\"color: #800080;\">I un altre any, la jornada ha estat un \u00e9xit!<\/span><\/h4>\n<p>&nbsp;<\/p>\n<p>SI VOLEU VEURE UN VIDEO DE LA CURSA CLIQUEU EL SEGUENT ENLLA\u00c7:<\/p>\n<p><a href=\"https:\/\/youtu.be\/TaP7Tn5D87k\">https:\/\/youtu.be\/TaP7Tn5D87k<\/a><\/p>\n<p>&nbsp;<\/p>\n<p>&nbsp;<\/p>\n","protected":false},"excerpt":{"rendered":"<p><a href=\"https:\/\/agora.xtec.cat\/ceebalmes2\/wp-content\/uploads\/usu1973\/2019\/09\/rett.jpg\"><\/a><br \/>\nHem comen\u00e7at el curs amb una gran cursa que colabora amb la investigaci\u00f3 de la s\u00edndrome de Rett<\/p>\n","protected":false},"author":1,"featured_media":1158,"comment_status":"open","ping_status":"closed","sticky":false,"template":"","format":"standard","meta":{"_bbp_topic_count":0,"_bbp_reply_count":0,"_bbp_total_topic_count":0,"_bbp_total_reply_count":0,"_bbp_voice_count":0,"_bbp_anonymous_reply_count":0,"_bbp_topic_count_hidden":0,"_bbp_reply_count_hidden":0,"_bbp_forum_subforum_count":0,"footnotes":""},"categories":[62,4],"tags":[],"class_list":["post-1113","post","type-post","status-publish","format-standard","has-post-thumbnail","hentry","category-festes-i-celebracions-a-lescola","category-portada"],"post_mailing_queue_ids":[],"_links":{"self":[{"href":"https:\/\/agora.xtec.cat\/ceebalmes2\/wp-json\/wp\/v2\/posts\/1113","targetHints":{"allow":["GET"]}}],"collection":[{"href":"https:\/\/agora.xtec.cat\/ceebalmes2\/wp-json\/wp\/v2\/posts"}],"about":[{"href":"https:\/\/agora.xtec.cat\/ceebalmes2\/wp-json\/wp\/v2\/types\/post"}],"author":[{"embeddable":true,"href":"https:\/\/agora.xtec.cat\/ceebalmes2\/wp-json\/wp\/v2\/users\/1"}],"replies":[{"embeddable":true,"href":"https:\/\/agora.xtec.cat\/ceebalmes2\/wp-json\/wp\/v2\/comments?post=1113"}],"version-history":[{"count":3,"href":"https:\/\/agora.xtec.cat\/ceebalmes2\/wp-json\/wp\/v2\/posts\/1113\/revisions"}],"predecessor-version":[{"id":1225,"href":"https:\/\/agora.xtec.cat\/ceebalmes2\/wp-json\/wp\/v2\/posts\/1113\/revisions\/1225"}],"wp:featuredmedia":[{"embeddable":true,"href":"https:\/\/agora.xtec.cat\/ceebalmes2\/wp-json\/wp\/v2\/media\/1158"}],"wp:attachment":[{"href":"https:\/\/agora.xtec.cat\/ceebalmes2\/wp-json\/wp\/v2\/media?parent=1113"}],"wp:term":[{"taxonomy":"category","embeddable":true,"href":"https:\/\/agora.xtec.cat\/ceebalmes2\/wp-json\/wp\/v2\/categories?post=1113"},{"taxonomy":"post_tag","embeddable":true,"href":"https:\/\/agora.xtec.cat\/ceebalmes2\/wp-json\/wp\/v2\/tags?post=1113"}],"curies":[{"name":"wp","href":"https:\/\/api.w.org\/{rel}","templated":true}]}}