{"id":7110,"date":"2021-12-20T12:24:25","date_gmt":"2021-12-20T11:24:25","guid":{"rendered":"https:\/\/agora.xtec.cat\/cee-laginesta\/?p=7110"},"modified":"2021-12-20T12:24:25","modified_gmt":"2021-12-20T11:24:25","slug":"dogcamp-nadalenc","status":"publish","type":"post","link":"https:\/\/agora.xtec.cat\/cee-laginesta\/portada\/general\/dogcamp-nadalenc\/","title":{"rendered":"DOGCAMP nadalenc!"},"content":{"rendered":"<p><span style=\"font-weight: 400\">La darrera sessi\u00f3 amb els gossos d\u2019aquest trimestre va ser molt divertida!<\/span><\/p>\n<p><span style=\"font-weight: 400\">Primer vam comen\u00e7ar fent una una mascareta amb cot\u00f3 com si fos la barba del pare Noel. Despr\u00e9s vam passejar els gossos per fer un joc: quan feien cas i seien al terra, els hi donavem un premi.<\/span><\/p>\n<p><span style=\"font-weight: 400\">Per acabar vam fer una foto de grup molt nadalenca!<\/span><\/p>\n<p><a href=\"https:\/\/agora.xtec.cat\/cee-laginesta\/wp-content\/uploads\/usu800\/2021\/12\/IMG_20211220_084809.jpg\"><img loading=\"lazy\" decoding=\"async\" class=\" wp-image-7112 aligncenter\" src=\"https:\/\/agora.xtec.cat\/cee-laginesta\/wp-content\/uploads\/usu800\/2021\/12\/IMG_20211220_084809.jpg\" alt=\"\" width=\"497\" height=\"497\" srcset=\"https:\/\/agora.xtec.cat\/cee-laginesta\/wp-content\/uploads\/usu800\/2021\/12\/IMG_20211220_084809.jpg 640w, https:\/\/agora.xtec.cat\/cee-laginesta\/wp-content\/uploads\/usu800\/2021\/12\/IMG_20211220_084809-300x300.jpg 300w, https:\/\/agora.xtec.cat\/cee-laginesta\/wp-content\/uploads\/usu800\/2021\/12\/IMG_20211220_084809-150x150.jpg 150w\" sizes=\"auto, (max-width: 497px) 100vw, 497px\" \/><\/a><\/p>\n<p><a href=\"https:\/\/agora.xtec.cat\/cee-laginesta\/wp-content\/uploads\/usu800\/2021\/12\/IMG_20211220_084732.jpg\"><img loading=\"lazy\" decoding=\"async\" class=\" wp-image-7111 aligncenter\" src=\"https:\/\/agora.xtec.cat\/cee-laginesta\/wp-content\/uploads\/usu800\/2021\/12\/IMG_20211220_084732.jpg\" alt=\"\" width=\"495\" height=\"495\" srcset=\"https:\/\/agora.xtec.cat\/cee-laginesta\/wp-content\/uploads\/usu800\/2021\/12\/IMG_20211220_084732.jpg 640w, https:\/\/agora.xtec.cat\/cee-laginesta\/wp-content\/uploads\/usu800\/2021\/12\/IMG_20211220_084732-300x300.jpg 300w, https:\/\/agora.xtec.cat\/cee-laginesta\/wp-content\/uploads\/usu800\/2021\/12\/IMG_20211220_084732-150x150.jpg 150w\" sizes=\"auto, (max-width: 495px) 100vw, 495px\" \/><\/a><\/p>\n","protected":false},"excerpt":{"rendered":"<p>La darrera sessi\u00f3 amb els gossos d\u2019aquest trimestre va ser molt divertida! Primer vam comen\u00e7ar fent una una mascareta amb cot\u00f3 com si fos la barba del pare Noel. Despr\u00e9s vam passejar els gossos per fer un joc: quan feien cas i seien al terra, els hi donavem un premi. Per acabar vam fer una [&hellip;]<\/p>\n","protected":false},"author":3,"featured_media":7113,"comment_status":"open","ping_status":"closed","sticky":false,"template":"","format":"standard","meta":{"_bbp_topic_count":0,"_bbp_reply_count":0,"_bbp_total_topic_count":0,"_bbp_total_reply_count":0,"_bbp_voice_count":0,"_bbp_anonymous_reply_count":0,"_bbp_topic_count_hidden":0,"_bbp_reply_count_hidden":0,"_bbp_forum_subforum_count":0,"site-sidebar-layout":"default","site-content-layout":"","ast-site-content-layout":"","site-content-style":"default","site-sidebar-style":"default","ast-global-header-display":"","ast-banner-title-visibility":"","ast-main-header-display":"","ast-hfb-above-header-display":"","ast-hfb-below-header-display":"","ast-hfb-mobile-header-display":"","site-post-title":"","ast-breadcrumbs-content":"","ast-featured-img":"","footer-sml-layout":"","theme-transparent-header-meta":"","adv-header-id-meta":"","stick-header-meta":"","header-above-stick-meta":"","header-main-stick-meta":"","header-below-stick-meta":"","astra-migrate-meta-layouts":"default","ast-page-background-enabled":"default","ast-page-background-meta":{"desktop":{"background-color":"var(--ast-global-color-4)","background-image":"","background-repeat":"repeat","background-position":"center center","background-size":"auto","background-attachment":"scroll","background-type":"","background-media":"","overlay-type":"","overlay-color":"","overlay-opacity":"","overlay-gradient":""},"tablet":{"background-color":"","background-image":"","background-repeat":"repeat","background-position":"center center","background-size":"auto","background-attachment":"scroll","background-type":"","background-media":"","overlay-type":"","overlay-color":"","overlay-opacity":"","overlay-gradient":""},"mobile":{"background-color":"","background-image":"","background-repeat":"repeat","background-position":"center center","background-size":"auto","background-attachment":"scroll","background-type":"","background-media":"","overlay-type":"","overlay-color":"","overlay-opacity":"","overlay-gradient":""}},"ast-content-background-meta":{"desktop":{"background-color":"var(--ast-global-color-5)","background-image":"","background-repeat":"repeat","background-position":"center center","background-size":"auto","background-attachment":"scroll","background-type":"","background-media":"","overlay-type":"","overlay-color":"","overlay-opacity":"","overlay-gradient":""},"tablet":{"background-color":"var(--ast-global-color-5)","background-image":"","background-repeat":"repeat","background-position":"center center","background-size":"auto","background-attachment":"scroll","background-type":"","background-media":"","overlay-type":"","overlay-color":"","overlay-opacity":"","overlay-gradient":""},"mobile":{"background-color":"var(--ast-global-color-5)","background-image":"","background-repeat":"repeat","background-position":"center center","background-size":"auto","background-attachment":"scroll","background-type":"","background-media":"","overlay-type":"","overlay-color":"","overlay-opacity":"","overlay-gradient":""}},"footnotes":""},"categories":[36,1,94,4],"tags":[166,225,244,134,229],"class_list":["post-7110","post","type-post","status-publish","format-standard","has-post-thumbnail","hentry","category-festes-i-activitats","category-general","category-grup-c","category-portada","tag-activitats","tag-bloc","tag-curs-2021-22","tag-grup-c","tag-portada"],"post_mailing_queue_ids":[],"_links":{"self":[{"href":"https:\/\/agora.xtec.cat\/cee-laginesta\/wp-json\/wp\/v2\/posts\/7110","targetHints":{"allow":["GET"]}}],"collection":[{"href":"https:\/\/agora.xtec.cat\/cee-laginesta\/wp-json\/wp\/v2\/posts"}],"about":[{"href":"https:\/\/agora.xtec.cat\/cee-laginesta\/wp-json\/wp\/v2\/types\/post"}],"author":[{"embeddable":true,"href":"https:\/\/agora.xtec.cat\/cee-laginesta\/wp-json\/wp\/v2\/users\/3"}],"replies":[{"embeddable":true,"href":"https:\/\/agora.xtec.cat\/cee-laginesta\/wp-json\/wp\/v2\/comments?post=7110"}],"version-history":[{"count":1,"href":"https:\/\/agora.xtec.cat\/cee-laginesta\/wp-json\/wp\/v2\/posts\/7110\/revisions"}],"predecessor-version":[{"id":7114,"href":"https:\/\/agora.xtec.cat\/cee-laginesta\/wp-json\/wp\/v2\/posts\/7110\/revisions\/7114"}],"wp:featuredmedia":[{"embeddable":true,"href":"https:\/\/agora.xtec.cat\/cee-laginesta\/wp-json\/wp\/v2\/media\/7113"}],"wp:attachment":[{"href":"https:\/\/agora.xtec.cat\/cee-laginesta\/wp-json\/wp\/v2\/media?parent=7110"}],"wp:term":[{"taxonomy":"category","embeddable":true,"href":"https:\/\/agora.xtec.cat\/cee-laginesta\/wp-json\/wp\/v2\/categories?post=7110"},{"taxonomy":"post_tag","embeddable":true,"href":"https:\/\/agora.xtec.cat\/cee-laginesta\/wp-json\/wp\/v2\/tags?post=7110"}],"curies":[{"name":"wp","href":"https:\/\/api.w.org\/{rel}","templated":true}]}}