{"id":6203,"date":"2021-02-05T10:22:02","date_gmt":"2021-02-05T09:22:02","guid":{"rendered":"http:\/\/agora.xtec.cat\/cee-laginesta\/?p=6203"},"modified":"2021-05-29T12:41:40","modified_gmt":"2021-05-29T10:41:40","slug":"el-grup-c-visitem-la-biblioteca-de-montbau","status":"publish","type":"post","link":"https:\/\/agora.xtec.cat\/cee-laginesta\/portada\/general\/el-grup-c-visitem-la-biblioteca-de-montbau\/","title":{"rendered":"El grup C visitem la biblioteca de Montbau"},"content":{"rendered":"<p style=\"text-align: justify\"><span style=\"font-weight: 400\">El grup C hem anat a la biblioteca de Montbau. Primer hem tornat els llibres que ens vam endur a l\u2019escola, tamb\u00e9 hem llegit i hem tornat a agafar uns quants llibres en pr\u00e9stec, com comics: Naruto, My hero academia, Spiderman,.. i llibres de coneixements: La lluna i L&#8217;\u00e8poca medieval, entre d&#8217;altres llibres.<\/span><\/p>\n<p style=\"text-align: justify\"><span style=\"font-weight: 400\">Esperem tornar aviat!<\/span><\/p>\n<p><a href=\"https:\/\/agora.xtec.cat\/cee-laginesta\/wp-content\/uploads\/usu800\/2021\/02\/IMG_20210121_151022.jpg\"><img loading=\"lazy\" decoding=\"async\" class=\"size-full wp-image-6205 aligncenter\" src=\"https:\/\/agora.xtec.cat\/cee-laginesta\/wp-content\/uploads\/usu800\/2021\/02\/IMG_20210121_151022.jpg\" alt=\"\" width=\"544\" height=\"544\" \/><\/a><\/p>\n<p><span style=\"font-weight: 400\">Enlla\u00e7: <\/span><a href=\"https:\/\/ajuntament.barcelona.cat\/biblioteques\/bibmontbau\/ca\"><span style=\"font-weight: 400\">https:\/\/ajuntament.barcelona.cat\/biblioteques\/bibmontbau\/ca<\/span><\/a><\/p>\n<p>&nbsp;<\/p>\n","protected":false},"excerpt":{"rendered":"<p>El grup C hem anat a la biblioteca de Montbau&hellip;  <a href=\"https:\/\/agora.xtec.cat\/cee-laginesta\/portada\/general\/el-grup-c-visitem-la-biblioteca-de-montbau\/\" title=\"Read El grup C visitem la biblioteca de Montbau\">Llegeix m\u00e9s\u00bb<\/a><\/p>\n","protected":false},"author":3,"featured_media":6205,"comment_status":"open","ping_status":"closed","sticky":false,"template":"","format":"standard","meta":{"_bbp_topic_count":0,"_bbp_reply_count":0,"_bbp_total_topic_count":0,"_bbp_total_reply_count":0,"_bbp_voice_count":0,"_bbp_anonymous_reply_count":0,"_bbp_topic_count_hidden":0,"_bbp_reply_count_hidden":0,"_bbp_forum_subforum_count":0,"footnotes":""},"categories":[36,1,94,4],"tags":[225,240,228,134,229],"class_list":["post-6203","post","type-post","status-publish","format-standard","has-post-thumbnail","hentry","category-festes-i-activitats","category-general","category-grup-c","category-portada","tag-bloc","tag-curs-2020-21","tag-general","tag-grup-c","tag-portada"],"post_mailing_queue_ids":[],"_links":{"self":[{"href":"https:\/\/agora.xtec.cat\/cee-laginesta\/wp-json\/wp\/v2\/posts\/6203","targetHints":{"allow":["GET"]}}],"collection":[{"href":"https:\/\/agora.xtec.cat\/cee-laginesta\/wp-json\/wp\/v2\/posts"}],"about":[{"href":"https:\/\/agora.xtec.cat\/cee-laginesta\/wp-json\/wp\/v2\/types\/post"}],"author":[{"embeddable":true,"href":"https:\/\/agora.xtec.cat\/cee-laginesta\/wp-json\/wp\/v2\/users\/3"}],"replies":[{"embeddable":true,"href":"https:\/\/agora.xtec.cat\/cee-laginesta\/wp-json\/wp\/v2\/comments?post=6203"}],"version-history":[{"count":3,"href":"https:\/\/agora.xtec.cat\/cee-laginesta\/wp-json\/wp\/v2\/posts\/6203\/revisions"}],"predecessor-version":[{"id":6580,"href":"https:\/\/agora.xtec.cat\/cee-laginesta\/wp-json\/wp\/v2\/posts\/6203\/revisions\/6580"}],"wp:featuredmedia":[{"embeddable":true,"href":"https:\/\/agora.xtec.cat\/cee-laginesta\/wp-json\/wp\/v2\/media\/6205"}],"wp:attachment":[{"href":"https:\/\/agora.xtec.cat\/cee-laginesta\/wp-json\/wp\/v2\/media?parent=6203"}],"wp:term":[{"taxonomy":"category","embeddable":true,"href":"https:\/\/agora.xtec.cat\/cee-laginesta\/wp-json\/wp\/v2\/categories?post=6203"},{"taxonomy":"post_tag","embeddable":true,"href":"https:\/\/agora.xtec.cat\/cee-laginesta\/wp-json\/wp\/v2\/tags?post=6203"}],"curies":[{"name":"wp","href":"https:\/\/api.w.org\/{rel}","templated":true}]}}