{"id":692,"date":"2021-06-14T13:07:09","date_gmt":"2021-06-14T11:07:09","guid":{"rendered":"https:\/\/agora.xtec.cat\/cee-jeronimoragas-cerdanyola\/?p=692"},"modified":"2022-05-17T10:44:42","modified_gmt":"2022-05-17T08:44:42","slug":"grup-vermell-primavera","status":"publish","type":"post","link":"https:\/\/agora.xtec.cat\/cee-jeronimoragas-cerdanyola\/general\/grup-vermell-primavera\/","title":{"rendered":"El taller de contes del Grup Vermell"},"content":{"rendered":"<p>El grup <span style=\"color: #ff0000;\"><b>Vermell <\/b><\/span>us volem explicar que fem un taller de contes i que estem molt engrescats.<\/p>\n<p>El conte \u00e9s per nosaltres un recurs molt\u00a0 valu\u00f3s que \u00a0ens permet aprendre gaudint. Ens \u00a0facilita adquirir actituds i h\u00e0bits positius, com estar tranquils i atents mentre escoltem. Ens\u00a0 estimula la comunicaci\u00f3 , la participaci\u00f3 , la intel\u00b7lig\u00e8ncia emocional\u00a0 i ens facilita l\u2019aprenentatge de conceptes de diferents \u00e0rees.<\/p>\n<p>Per introduir el tema de la Primavera hem treballat el conte de \u201c La Papallona\u201d.<\/p>\n<p>Hem conegut molts animalons com: la papallona, la marieta, el cargol , els ocells i l\u2019abella. Ja sabem que alguns volen i altres s\u2019arrosseguen i hem escoltat els\u00a0 sorolls que fan.<\/p>\n<p>Tamb\u00e9 hem vist que a la primavera plou i surten flors de molts colors .<\/p>\n<p>Perqu\u00e8 els nostres companys s\u00e0piguen que ha arribat la primavera hem fet un mural al passad\u00eds amb flors i papallones com les del nostre conte.<\/p>\n<p>Aqu\u00ed us deixem algunes fotos de les activitats tan divertides que hem fet.<\/p>\n<p>Fins aviat!!<\/p>\n<p>&nbsp;<\/p>\n<p><iframe loading=\"lazy\" title=\"Primavera al grup Vermelll (Curs 2020-2021)\" width=\"500\" height=\"375\" src=\"https:\/\/www.youtube.com\/embed\/2T9Ang9FgSM?feature=oembed\" frameborder=\"0\" allow=\"accelerometer; autoplay; clipboard-write; encrypted-media; gyroscope; picture-in-picture; web-share\" referrerpolicy=\"strict-origin-when-cross-origin\" allowfullscreen><\/iframe><\/p>\n<p>&nbsp;<\/p>\n<p>&nbsp;<\/p>\n<p>&nbsp;<\/p>\n<p>&nbsp;<\/p>\n<p>&nbsp;<\/p>\n","protected":false},"excerpt":{"rendered":"<p>El grup Vermell us volem explicar que fem un taller de contes i que estem molt engrescats.<br \/>\nEl conte \u00e9s per nosaltres un recurs molt\u00a0 valu\u00f3s que \u00a0ens permet aprendre gaudint. Ens \u00a0facilita adquirir actituds i h\u00e0bits positius, com estar tranquils i atents mentre escoltem. Ens\u00a0&hellip;  <a href=\"https:\/\/agora.xtec.cat\/cee-jeronimoragas-cerdanyola\/general\/grup-vermell-primavera\/\" title=\"Read El taller de contes del Grup Vermell\">Llegeix m\u00e9s\u00bb<\/a><\/p>\n","protected":false},"author":1,"featured_media":711,"comment_status":"open","ping_status":"closed","sticky":false,"template":"","format":"standard","meta":{"_bbp_topic_count":0,"_bbp_reply_count":0,"_bbp_total_topic_count":0,"_bbp_total_reply_count":0,"_bbp_voice_count":0,"_bbp_anonymous_reply_count":0,"_bbp_topic_count_hidden":0,"_bbp_reply_count_hidden":0,"_bbp_forum_subforum_count":0,"footnotes":""},"categories":[1,61,4],"tags":[],"class_list":["post-692","post","type-post","status-publish","format-standard","has-post-thumbnail","hentry","category-general","category-grup-vermell","category-portada"],"post_mailing_queue_ids":[],"_links":{"self":[{"href":"https:\/\/agora.xtec.cat\/cee-jeronimoragas-cerdanyola\/wp-json\/wp\/v2\/posts\/692","targetHints":{"allow":["GET"]}}],"collection":[{"href":"https:\/\/agora.xtec.cat\/cee-jeronimoragas-cerdanyola\/wp-json\/wp\/v2\/posts"}],"about":[{"href":"https:\/\/agora.xtec.cat\/cee-jeronimoragas-cerdanyola\/wp-json\/wp\/v2\/types\/post"}],"author":[{"embeddable":true,"href":"https:\/\/agora.xtec.cat\/cee-jeronimoragas-cerdanyola\/wp-json\/wp\/v2\/users\/1"}],"replies":[{"embeddable":true,"href":"https:\/\/agora.xtec.cat\/cee-jeronimoragas-cerdanyola\/wp-json\/wp\/v2\/comments?post=692"}],"version-history":[{"count":3,"href":"https:\/\/agora.xtec.cat\/cee-jeronimoragas-cerdanyola\/wp-json\/wp\/v2\/posts\/692\/revisions"}],"predecessor-version":[{"id":1373,"href":"https:\/\/agora.xtec.cat\/cee-jeronimoragas-cerdanyola\/wp-json\/wp\/v2\/posts\/692\/revisions\/1373"}],"wp:featuredmedia":[{"embeddable":true,"href":"https:\/\/agora.xtec.cat\/cee-jeronimoragas-cerdanyola\/wp-json\/wp\/v2\/media\/711"}],"wp:attachment":[{"href":"https:\/\/agora.xtec.cat\/cee-jeronimoragas-cerdanyola\/wp-json\/wp\/v2\/media?parent=692"}],"wp:term":[{"taxonomy":"category","embeddable":true,"href":"https:\/\/agora.xtec.cat\/cee-jeronimoragas-cerdanyola\/wp-json\/wp\/v2\/categories?post=692"},{"taxonomy":"post_tag","embeddable":true,"href":"https:\/\/agora.xtec.cat\/cee-jeronimoragas-cerdanyola\/wp-json\/wp\/v2\/tags?post=692"}],"curies":[{"name":"wp","href":"https:\/\/api.w.org\/{rel}","templated":true}]}}