{"id":624,"date":"2021-03-24T12:49:54","date_gmt":"2021-03-24T11:49:54","guid":{"rendered":"https:\/\/agora.xtec.cat\/cee-jeronimoragas-cerdanyola\/?p=624"},"modified":"2022-05-17T10:48:07","modified_gmt":"2022-05-17T08:48:07","slug":"el-grup-magenta-i-lhivern","status":"publish","type":"post","link":"https:\/\/agora.xtec.cat\/cee-jeronimoragas-cerdanyola\/portada\/el-grup-magenta-i-lhivern\/","title":{"rendered":"El Grup Magenta i l&#8217;hivern"},"content":{"rendered":"<p>&nbsp;<\/p>\n<p style=\"text-align: center;\"><a href=\"https:\/\/agora.xtec.cat\/cee-jeronimoragas-cerdanyola\/wp-content\/uploads\/usu2099\/2021\/03\/hivern-g-magenta.jpg\"><img loading=\"lazy\" decoding=\"async\" class=\"alignnone size-medium wp-image-625\" src=\"https:\/\/agora.xtec.cat\/cee-jeronimoragas-cerdanyola\/wp-content\/uploads\/usu2099\/2021\/03\/hivern-g-magenta-300x123.jpg\" alt=\"\" width=\"300\" height=\"123\" srcset=\"https:\/\/agora.xtec.cat\/cee-jeronimoragas-cerdanyola\/wp-content\/uploads\/usu2099\/2021\/03\/hivern-g-magenta-300x123.jpg 300w, https:\/\/agora.xtec.cat\/cee-jeronimoragas-cerdanyola\/wp-content\/uploads\/usu2099\/2021\/03\/hivern-g-magenta.jpg 448w\" sizes=\"auto, (max-width: 300px) 100vw, 300px\" \/><\/a><\/p>\n<p>El grup\u00a0<span style=\"color: #a7074b;\"><b>Magenta\u00a0<\/b><\/span>hem treballat diferents activitats al llarg del segon trimestre de l\u00b4hivern . Ho estem fent d \u00b4una manera l\u00fadica i molt manipulativa.<\/p>\n<p>Vam aprofitar el temporal de fred que ens va arribar per con\u00e8ixer i ampliar el vocabulari de l\u2019hivern. Hem parlat de la roba m\u00e9s adient que hem de dur quan fa fred. Com bufanda, gorro i guants ; Amb l\u00b4\u00fas de contes, can\u00e7ons, projeccions i la propia roba dels alumnes. Ho hem treballat molt b\u00e8.<\/p>\n<p>Ens ha agradat \u00a0molt realizar murals amb diferents t\u00e9cniques i materials, que serveixen per decorar l\u00b4aula i altres espais de l\u00b4escola.<\/p>\n<p>Us deixem una petita mostra en el seg\u00fcent video.<\/p>\n<p><iframe loading=\"lazy\" title=\"Nadal al grup Magenta (Curs 2020-2021)\" width=\"500\" height=\"375\" src=\"https:\/\/www.youtube.com\/embed\/lDH8MiWfQUs?feature=oembed\" frameborder=\"0\" allow=\"accelerometer; autoplay; clipboard-write; encrypted-media; gyroscope; picture-in-picture; web-share\" referrerpolicy=\"strict-origin-when-cross-origin\" allowfullscreen><\/iframe><\/p>\n<p>Recordeu! A l\u2019 hivern abrigueu-vos for\u00e7a abans de sortir al carrer .<\/p>\n<p>&nbsp;<\/p>\n","protected":false},"excerpt":{"rendered":"<p>&nbsp;<br \/>\n<a href=\"https:\/\/agora.xtec.cat\/cee-jeronimoragas-cerdanyola\/wp-content\/uploads\/usu2099\/2021\/03\/hivern-g-magenta.jpg\"><\/a><br \/>\nEl grup\u00a0Magenta\u00a0hem treballat diferents activitats al llarg del segon trimestre de l\u00b4hivern . Ho estem fent d \u00b4una manera l\u00fadica i molt manipulativa.<br \/>\nVam aprofitar el temporal de fred que ens va arribar per con\u00e8ixer i ampliar el vocabulari de l\u2019hivern. Hem parlat de la&hellip;  <a href=\"https:\/\/agora.xtec.cat\/cee-jeronimoragas-cerdanyola\/portada\/el-grup-magenta-i-lhivern\/\" title=\"Read El Grup Magenta i l&#8217;hivern\">Llegeix m\u00e9s\u00bb<\/a><\/p>\n","protected":false},"author":1,"featured_media":625,"comment_status":"open","ping_status":"closed","sticky":false,"template":"","format":"standard","meta":{"_bbp_topic_count":0,"_bbp_reply_count":0,"_bbp_total_topic_count":0,"_bbp_total_reply_count":0,"_bbp_voice_count":0,"_bbp_anonymous_reply_count":0,"_bbp_topic_count_hidden":0,"_bbp_reply_count_hidden":0,"_bbp_forum_subforum_count":0,"footnotes":""},"categories":[65,4],"tags":[73],"class_list":["post-624","post","type-post","status-publish","format-standard","has-post-thumbnail","hentry","category-grup-magenta","category-portada","tag-hivern"],"post_mailing_queue_ids":[],"_links":{"self":[{"href":"https:\/\/agora.xtec.cat\/cee-jeronimoragas-cerdanyola\/wp-json\/wp\/v2\/posts\/624","targetHints":{"allow":["GET"]}}],"collection":[{"href":"https:\/\/agora.xtec.cat\/cee-jeronimoragas-cerdanyola\/wp-json\/wp\/v2\/posts"}],"about":[{"href":"https:\/\/agora.xtec.cat\/cee-jeronimoragas-cerdanyola\/wp-json\/wp\/v2\/types\/post"}],"author":[{"embeddable":true,"href":"https:\/\/agora.xtec.cat\/cee-jeronimoragas-cerdanyola\/wp-json\/wp\/v2\/users\/1"}],"replies":[{"embeddable":true,"href":"https:\/\/agora.xtec.cat\/cee-jeronimoragas-cerdanyola\/wp-json\/wp\/v2\/comments?post=624"}],"version-history":[{"count":3,"href":"https:\/\/agora.xtec.cat\/cee-jeronimoragas-cerdanyola\/wp-json\/wp\/v2\/posts\/624\/revisions"}],"predecessor-version":[{"id":1372,"href":"https:\/\/agora.xtec.cat\/cee-jeronimoragas-cerdanyola\/wp-json\/wp\/v2\/posts\/624\/revisions\/1372"}],"wp:featuredmedia":[{"embeddable":true,"href":"https:\/\/agora.xtec.cat\/cee-jeronimoragas-cerdanyola\/wp-json\/wp\/v2\/media\/625"}],"wp:attachment":[{"href":"https:\/\/agora.xtec.cat\/cee-jeronimoragas-cerdanyola\/wp-json\/wp\/v2\/media?parent=624"}],"wp:term":[{"taxonomy":"category","embeddable":true,"href":"https:\/\/agora.xtec.cat\/cee-jeronimoragas-cerdanyola\/wp-json\/wp\/v2\/categories?post=624"},{"taxonomy":"post_tag","embeddable":true,"href":"https:\/\/agora.xtec.cat\/cee-jeronimoragas-cerdanyola\/wp-json\/wp\/v2\/tags?post=624"}],"curies":[{"name":"wp","href":"https:\/\/api.w.org\/{rel}","templated":true}]}}