{"id":584,"date":"2020-12-21T15:16:01","date_gmt":"2020-12-21T14:16:01","guid":{"rendered":"https:\/\/agora.xtec.cat\/cee-jeronimoragas-cerdanyola\/?p=584"},"modified":"2022-03-14T12:16:21","modified_gmt":"2022-03-14T11:16:21","slug":"la-tardor-al-grup-taronja","status":"publish","type":"post","link":"https:\/\/agora.xtec.cat\/cee-jeronimoragas-cerdanyola\/portada\/la-tardor-al-grup-taronja\/","title":{"rendered":"La tardor al Grup Taronja"},"content":{"rendered":"<p>Hola fam\u00edlies!!! Durant aquest trimestre, el grup\u00a0<span style=\"color: #ff8000;\"><b>Taronja\u00a0<\/b><\/span>hem viscut la Tardor intensament! \ud83d\ude0a<\/p>\n<p>Hem fet pluja de fulles, tastet de fruites de la tardor, panellets i&#8230;hem rebut la visita de la Castanyera! A m\u00e9s a m\u00e9s, hem celebrat l\u2019aniversari de la Judith, amb un past\u00eds de xocolata que estava bon\u00edssim!<\/p>\n<p>Tamb\u00e9 ens ho hem passat molt b\u00e9 amb la taula de llum i una bola de llum que es mou al ritme de la m\u00fasica.<br \/>\nHa estat genial viure la tardor.<\/p>\n<p>Seguirem endavant amb noves propostes i noves experi\u00e8ncies! Una abra\u00e7ada.<\/p>\n<p><a href=\"https:\/\/agora.xtec.cat\/cee-jeronimoragas-cerdanyola\/wp-content\/uploads\/usu2099\/2020\/12\/els-bolets-son-tipics-de-la-tardor-pero-a-vegades-tambe-en-poden-trobar-a-la-primavera.jpg\"><img loading=\"lazy\" decoding=\"async\" class=\"alignnone size-large wp-image-586\" src=\"https:\/\/agora.xtec.cat\/cee-jeronimoragas-cerdanyola\/wp-content\/uploads\/usu2099\/2020\/12\/els-bolets-son-tipics-de-la-tardor-pero-a-vegades-tambe-en-poden-trobar-a-la-primavera-1024x576.jpg\" alt=\"\" width=\"1024\" height=\"576\" srcset=\"https:\/\/agora.xtec.cat\/cee-jeronimoragas-cerdanyola\/wp-content\/uploads\/usu2099\/2020\/12\/els-bolets-son-tipics-de-la-tardor-pero-a-vegades-tambe-en-poden-trobar-a-la-primavera-1024x576.jpg 1024w, https:\/\/agora.xtec.cat\/cee-jeronimoragas-cerdanyola\/wp-content\/uploads\/usu2099\/2020\/12\/els-bolets-son-tipics-de-la-tardor-pero-a-vegades-tambe-en-poden-trobar-a-la-primavera-300x169.jpg 300w, https:\/\/agora.xtec.cat\/cee-jeronimoragas-cerdanyola\/wp-content\/uploads\/usu2099\/2020\/12\/els-bolets-son-tipics-de-la-tardor-pero-a-vegades-tambe-en-poden-trobar-a-la-primavera-768x432.jpg 768w, https:\/\/agora.xtec.cat\/cee-jeronimoragas-cerdanyola\/wp-content\/uploads\/usu2099\/2020\/12\/els-bolets-son-tipics-de-la-tardor-pero-a-vegades-tambe-en-poden-trobar-a-la-primavera.jpg 1200w\" sizes=\"auto, (max-width: 1024px) 100vw, 1024px\" \/><\/a><\/p>\n","protected":false},"excerpt":{"rendered":"<p>Hola fam\u00edlies!!! Durant aquest trimestre, el grup\u00a0Taronja\u00a0hem viscut la Tardor intensament! \ud83d\ude0a<br \/>\nHem fet pluja de fulles, tastet de fruites de la tardor, panellets i&#8230;hem rebut la visita de la Castanyera! A m\u00e9s a m\u00e9s, hem celebrat l\u2019aniversari de la Judith, amb un past\u00eds de xocolata&hellip;  <a href=\"https:\/\/agora.xtec.cat\/cee-jeronimoragas-cerdanyola\/portada\/la-tardor-al-grup-taronja\/\" title=\"Read La tardor al Grup Taronja\">Llegeix m\u00e9s\u00bb<\/a><\/p>\n","protected":false},"author":1,"featured_media":0,"comment_status":"open","ping_status":"closed","sticky":false,"template":"","format":"standard","meta":{"_bbp_topic_count":0,"_bbp_reply_count":0,"_bbp_total_topic_count":0,"_bbp_total_reply_count":0,"_bbp_voice_count":0,"_bbp_anonymous_reply_count":0,"_bbp_topic_count_hidden":0,"_bbp_reply_count_hidden":0,"_bbp_forum_subforum_count":0,"footnotes":""},"categories":[63,4],"tags":[],"class_list":["post-584","post","type-post","status-publish","format-standard","hentry","category-grup-taronja","category-portada"],"post_mailing_queue_ids":[],"_links":{"self":[{"href":"https:\/\/agora.xtec.cat\/cee-jeronimoragas-cerdanyola\/wp-json\/wp\/v2\/posts\/584","targetHints":{"allow":["GET"]}}],"collection":[{"href":"https:\/\/agora.xtec.cat\/cee-jeronimoragas-cerdanyola\/wp-json\/wp\/v2\/posts"}],"about":[{"href":"https:\/\/agora.xtec.cat\/cee-jeronimoragas-cerdanyola\/wp-json\/wp\/v2\/types\/post"}],"author":[{"embeddable":true,"href":"https:\/\/agora.xtec.cat\/cee-jeronimoragas-cerdanyola\/wp-json\/wp\/v2\/users\/1"}],"replies":[{"embeddable":true,"href":"https:\/\/agora.xtec.cat\/cee-jeronimoragas-cerdanyola\/wp-json\/wp\/v2\/comments?post=584"}],"version-history":[{"count":3,"href":"https:\/\/agora.xtec.cat\/cee-jeronimoragas-cerdanyola\/wp-json\/wp\/v2\/posts\/584\/revisions"}],"predecessor-version":[{"id":1366,"href":"https:\/\/agora.xtec.cat\/cee-jeronimoragas-cerdanyola\/wp-json\/wp\/v2\/posts\/584\/revisions\/1366"}],"wp:attachment":[{"href":"https:\/\/agora.xtec.cat\/cee-jeronimoragas-cerdanyola\/wp-json\/wp\/v2\/media?parent=584"}],"wp:term":[{"taxonomy":"category","embeddable":true,"href":"https:\/\/agora.xtec.cat\/cee-jeronimoragas-cerdanyola\/wp-json\/wp\/v2\/categories?post=584"},{"taxonomy":"post_tag","embeddable":true,"href":"https:\/\/agora.xtec.cat\/cee-jeronimoragas-cerdanyola\/wp-json\/wp\/v2\/tags?post=584"}],"curies":[{"name":"wp","href":"https:\/\/api.w.org\/{rel}","templated":true}]}}