{"id":573,"date":"2020-11-27T13:39:03","date_gmt":"2020-11-27T12:39:03","guid":{"rendered":"https:\/\/agora.xtec.cat\/cee-jeronimoragas-cerdanyola\/?p=573"},"modified":"2022-03-14T12:49:10","modified_gmt":"2022-03-14T11:49:10","slug":"primer-dia-descola","status":"publish","type":"post","link":"https:\/\/agora.xtec.cat\/cee-jeronimoragas-cerdanyola\/general\/primer-dia-descola\/","title":{"rendered":"Primer dia d&#8217;escola del Grup Gris"},"content":{"rendered":"<p>Avui \u00e9s el primer dia d&#8217;escola. Tots els alumnes del grup\u00a0<span style=\"color: #808080;\"><b>Gris <\/b><\/span>han vingut molt contents i disposats a treballar, per\u00f2 com que l&#8217;estiu ha sigut molt llarg encara volen jugar una mica m\u00e9s; es per aix\u00f2 que han portat joguines que han compartit amb els amics de la classe.<br \/>\nVolem que sapigueu que treballarem molt dur aquest curs i que necessitarem la vostra ajuda per a que els vostres fills facin servir totes les seves capacitats.<\/p>\n<p><em>&lt;a href=&#8221;https:\/\/agora.xtec.cat\/cee-jeronimoragas-cerdanyola\/wp-content\/uploads\/usu2099\/2014\/09\/Photo-by-Nick-Amoscato.jpg&#8221;&gt;&lt;img class=&#8221;alignnone size-full wp-image-112&#8243; src=&#8221;https:\/\/agora.xtec.cat\/cee-jeronimoragas-cerdanyola\/wp-content\/uploads\/usu2099\/2014\/09\/Photo-by-Nick-Amoscato.jpg&#8221; alt=&#8221;Photo by Nick Amoscato&#8221; width=&#8221;638&#8243; height=&#8221;215&#8243; \/&gt;&lt;\/a&gt;<\/em><\/p>\n","protected":false},"excerpt":{"rendered":"<p>Avui \u00e9s&#8230;&hellip;  <a href=\"https:\/\/agora.xtec.cat\/cee-jeronimoragas-cerdanyola\/general\/primer-dia-descola\/\" title=\"Read Primer dia d&#8217;escola del Grup Gris\">Llegeix m\u00e9s\u00bb<\/a><\/p>\n","protected":false},"author":1,"featured_media":133,"comment_status":"open","ping_status":"closed","sticky":false,"template":"","format":"standard","meta":{"_bbp_topic_count":0,"_bbp_reply_count":0,"_bbp_total_topic_count":0,"_bbp_total_reply_count":0,"_bbp_voice_count":0,"_bbp_anonymous_reply_count":0,"_bbp_topic_count_hidden":0,"_bbp_reply_count_hidden":0,"_bbp_forum_subforum_count":0,"footnotes":""},"categories":[1,66,4],"tags":[],"class_list":["post-573","post","type-post","status-publish","format-standard","has-post-thumbnail","hentry","category-general","category-grup-gris","category-portada"],"post_mailing_queue_ids":[],"_links":{"self":[{"href":"https:\/\/agora.xtec.cat\/cee-jeronimoragas-cerdanyola\/wp-json\/wp\/v2\/posts\/573","targetHints":{"allow":["GET"]}}],"collection":[{"href":"https:\/\/agora.xtec.cat\/cee-jeronimoragas-cerdanyola\/wp-json\/wp\/v2\/posts"}],"about":[{"href":"https:\/\/agora.xtec.cat\/cee-jeronimoragas-cerdanyola\/wp-json\/wp\/v2\/types\/post"}],"author":[{"embeddable":true,"href":"https:\/\/agora.xtec.cat\/cee-jeronimoragas-cerdanyola\/wp-json\/wp\/v2\/users\/1"}],"replies":[{"embeddable":true,"href":"https:\/\/agora.xtec.cat\/cee-jeronimoragas-cerdanyola\/wp-json\/wp\/v2\/comments?post=573"}],"version-history":[{"count":2,"href":"https:\/\/agora.xtec.cat\/cee-jeronimoragas-cerdanyola\/wp-json\/wp\/v2\/posts\/573\/revisions"}],"predecessor-version":[{"id":1381,"href":"https:\/\/agora.xtec.cat\/cee-jeronimoragas-cerdanyola\/wp-json\/wp\/v2\/posts\/573\/revisions\/1381"}],"wp:featuredmedia":[{"embeddable":true,"href":"https:\/\/agora.xtec.cat\/cee-jeronimoragas-cerdanyola\/wp-json\/wp\/v2\/media\/133"}],"wp:attachment":[{"href":"https:\/\/agora.xtec.cat\/cee-jeronimoragas-cerdanyola\/wp-json\/wp\/v2\/media?parent=573"}],"wp:term":[{"taxonomy":"category","embeddable":true,"href":"https:\/\/agora.xtec.cat\/cee-jeronimoragas-cerdanyola\/wp-json\/wp\/v2\/categories?post=573"},{"taxonomy":"post_tag","embeddable":true,"href":"https:\/\/agora.xtec.cat\/cee-jeronimoragas-cerdanyola\/wp-json\/wp\/v2\/tags?post=573"}],"curies":[{"name":"wp","href":"https:\/\/api.w.org\/{rel}","templated":true}]}}