{"id":2814,"date":"2026-04-28T09:16:49","date_gmt":"2026-04-28T07:16:49","guid":{"rendered":"https:\/\/agora.xtec.cat\/cee-jeronimoragas-cerdanyola\/?p=2814"},"modified":"2026-04-28T09:17:31","modified_gmt":"2026-04-28T07:17:31","slug":"el-grup-taronja-treballa-la-praxia-de-bufar-i-aspirar","status":"publish","type":"post","link":"https:\/\/agora.xtec.cat\/cee-jeronimoragas-cerdanyola\/general\/el-grup-taronja-treballa-la-praxia-de-bufar-i-aspirar\/","title":{"rendered":"EL GRUP TARONJA TREBALLA LA PR\u00c0XIA DE BUFAR I ASPIRAR"},"content":{"rendered":"<p class=\"p1\"><span class=\"s1\">Fa uns dies vam realitzar una activitat de pr\u00e0xia de bufar i aspirar (pr\u00e0xia orofacial), amb l\u2019objectiu de treballar la respiraci\u00f3 funcional i la coordinaci\u00f3 buco-respirat\u00f2ria.<\/span><\/p>\n<p class=\"p1\"><span class=\"s1\">S\u2019ha plantejat com una proposta manipulativa i vivencial, que permet als infants experimentar de manera directa amb el control del seu propi cos. Han explorat la difer\u00e8ncia entre bufar i aspirar, regulant la intensitat, la durada i la direccionalitat del flux d\u2019aire. Aquesta regulaci\u00f3 \u00e9s clau per afavorir una bona base respirat\u00f2ria i funcional.<\/span><\/p>\n<p class=\"p1\"><span class=\"s1\">Aquest tipus d\u2019exercicis permeten treballar el control del buf, la succi\u00f3 i la coordinaci\u00f3 dels moviments orofacials, aspectes clau en el desenvolupament del llenguatge i la parla.<\/span><\/p>\n<p><a href=\"https:\/\/agora.xtec.cat\/cee-jeronimoragas-cerdanyola\/wp-content\/uploads\/usu2099\/2026\/04\/g.taronja-bufar.png\"><img loading=\"lazy\" decoding=\"async\" class=\"alignnone size-full wp-image-2816\" src=\"https:\/\/agora.xtec.cat\/cee-jeronimoragas-cerdanyola\/wp-content\/uploads\/usu2099\/2026\/04\/g.taronja-bufar.png\" alt=\"\" width=\"915\" height=\"915\" srcset=\"https:\/\/agora.xtec.cat\/cee-jeronimoragas-cerdanyola\/wp-content\/uploads\/usu2099\/2026\/04\/g.taronja-bufar.png 915w, https:\/\/agora.xtec.cat\/cee-jeronimoragas-cerdanyola\/wp-content\/uploads\/usu2099\/2026\/04\/g.taronja-bufar-300x300.png 300w, https:\/\/agora.xtec.cat\/cee-jeronimoragas-cerdanyola\/wp-content\/uploads\/usu2099\/2026\/04\/g.taronja-bufar-150x150.png 150w, https:\/\/agora.xtec.cat\/cee-jeronimoragas-cerdanyola\/wp-content\/uploads\/usu2099\/2026\/04\/g.taronja-bufar-768x768.png 768w\" sizes=\"auto, (max-width: 915px) 100vw, 915px\" \/><\/a><\/p>\n","protected":false},"excerpt":{"rendered":"<p>Fa uns dies vam realitzar una activitat de pr\u00e0xia de bufar i aspirar (pr\u00e0xia orofacial), amb l\u2019objectiu de treballar la respiraci\u00f3 funcional i la coordinaci\u00f3 buco-respirat\u00f2ria.<br \/>\nS\u2019ha plantejat com una proposta manipulativa i vivencial, que permet als infants experimentar de manera directa amb el control del&hellip;  <a href=\"https:\/\/agora.xtec.cat\/cee-jeronimoragas-cerdanyola\/general\/el-grup-taronja-treballa-la-praxia-de-bufar-i-aspirar\/\" title=\"Read EL GRUP TARONJA TREBALLA LA PR\u00c0XIA DE BUFAR I ASPIRAR\">Llegeix m\u00e9s\u00bb<\/a><\/p>\n","protected":false},"author":72,"featured_media":0,"comment_status":"open","ping_status":"open","sticky":false,"template":"","format":"standard","meta":{"_bbp_topic_count":0,"_bbp_reply_count":0,"_bbp_total_topic_count":0,"_bbp_total_reply_count":0,"_bbp_voice_count":0,"_bbp_anonymous_reply_count":0,"_bbp_topic_count_hidden":0,"_bbp_reply_count_hidden":0,"_bbp_forum_subforum_count":0,"footnotes":""},"categories":[1,63,4],"tags":[71,120,109,121],"class_list":["post-2814","post","type-post","status-publish","format-standard","hentry","category-general","category-grup-taronja","category-portada","tag-2n-itinerari","tag-general","tag-grup-taronja","tag-portada"],"post_mailing_queue_ids":[],"_links":{"self":[{"href":"https:\/\/agora.xtec.cat\/cee-jeronimoragas-cerdanyola\/wp-json\/wp\/v2\/posts\/2814","targetHints":{"allow":["GET"]}}],"collection":[{"href":"https:\/\/agora.xtec.cat\/cee-jeronimoragas-cerdanyola\/wp-json\/wp\/v2\/posts"}],"about":[{"href":"https:\/\/agora.xtec.cat\/cee-jeronimoragas-cerdanyola\/wp-json\/wp\/v2\/types\/post"}],"author":[{"embeddable":true,"href":"https:\/\/agora.xtec.cat\/cee-jeronimoragas-cerdanyola\/wp-json\/wp\/v2\/users\/72"}],"replies":[{"embeddable":true,"href":"https:\/\/agora.xtec.cat\/cee-jeronimoragas-cerdanyola\/wp-json\/wp\/v2\/comments?post=2814"}],"version-history":[{"count":2,"href":"https:\/\/agora.xtec.cat\/cee-jeronimoragas-cerdanyola\/wp-json\/wp\/v2\/posts\/2814\/revisions"}],"predecessor-version":[{"id":2817,"href":"https:\/\/agora.xtec.cat\/cee-jeronimoragas-cerdanyola\/wp-json\/wp\/v2\/posts\/2814\/revisions\/2817"}],"wp:attachment":[{"href":"https:\/\/agora.xtec.cat\/cee-jeronimoragas-cerdanyola\/wp-json\/wp\/v2\/media?parent=2814"}],"wp:term":[{"taxonomy":"category","embeddable":true,"href":"https:\/\/agora.xtec.cat\/cee-jeronimoragas-cerdanyola\/wp-json\/wp\/v2\/categories?post=2814"},{"taxonomy":"post_tag","embeddable":true,"href":"https:\/\/agora.xtec.cat\/cee-jeronimoragas-cerdanyola\/wp-json\/wp\/v2\/tags?post=2814"}],"curies":[{"name":"wp","href":"https:\/\/api.w.org\/{rel}","templated":true}]}}