{"id":2799,"date":"2026-04-16T13:59:06","date_gmt":"2026-04-16T11:59:06","guid":{"rendered":"https:\/\/agora.xtec.cat\/cee-jeronimoragas-cerdanyola\/?p=2799"},"modified":"2026-04-16T13:59:06","modified_gmt":"2026-04-16T11:59:06","slug":"sortim-dexcursio-a-lateneu","status":"publish","type":"post","link":"https:\/\/agora.xtec.cat\/cee-jeronimoragas-cerdanyola\/general\/sortim-dexcursio-a-lateneu\/","title":{"rendered":"Sortim d&#8217;excursi\u00f3 a l&#8217;Ateneu"},"content":{"rendered":"<p>Les activitats culturals, formen part del tarann\u00e0 de l&#8217;escola i ens enriqueixen amb noves emocions, colors, sons&#8230; El passat dimarts 14 d&#8217;abril vam gaudir d&#8217;una activitat cultural a l&#8217;Ateneu de Cerdanyola al mat\u00ed.<\/p>\n<p>L&#8217;espectacle estava ple de colors llampants que cridaven l&#8217;atenci\u00f3 i can\u00e7ons que ens alegraven les orelles i el cor. Els ulls dels nostres infants han brillat de felicitat durant una hora d&#8217;espectacle. Els nens han tingut un feedback molt positiu. La classe grisa han participat de forma activa, ja sigui picant de mans i peus per seguir el comp\u00e0s de la m\u00fasica. Ha estat un mat\u00ed agradable on hem pogut compartir una estona amb companys d&#8217;altres classes del nostre itinerari.<\/p>\n<p><a href=\"https:\/\/agora.xtec.cat\/cee-jeronimoragas-cerdanyola\/general\/sortim-dexcursio-a-lateneu\/attachment\/img-20260414-wa0032\/\" rel=\"attachment wp-att-2801\"><img loading=\"lazy\" decoding=\"async\" class=\"alignnone  wp-image-2801\" src=\"https:\/\/agora.xtec.cat\/cee-jeronimoragas-cerdanyola\/wp-content\/uploads\/usu2099\/2026\/04\/IMG-20260414-WA0032-225x300.jpg\" alt=\"\" width=\"181\" height=\"241\" srcset=\"https:\/\/agora.xtec.cat\/cee-jeronimoragas-cerdanyola\/wp-content\/uploads\/usu2099\/2026\/04\/IMG-20260414-WA0032-225x300.jpg 225w, https:\/\/agora.xtec.cat\/cee-jeronimoragas-cerdanyola\/wp-content\/uploads\/usu2099\/2026\/04\/IMG-20260414-WA0032-768x1024.jpg 768w, https:\/\/agora.xtec.cat\/cee-jeronimoragas-cerdanyola\/wp-content\/uploads\/usu2099\/2026\/04\/IMG-20260414-WA0032-1152x1536.jpg 1152w, https:\/\/agora.xtec.cat\/cee-jeronimoragas-cerdanyola\/wp-content\/uploads\/usu2099\/2026\/04\/IMG-20260414-WA0032.jpg 1200w\" sizes=\"auto, (max-width: 181px) 100vw, 181px\" \/><\/a> <a href=\"https:\/\/agora.xtec.cat\/cee-jeronimoragas-cerdanyola\/general\/sortim-dexcursio-a-lateneu\/attachment\/img-20260414-wa0024\/\" rel=\"attachment wp-att-2802\"><img loading=\"lazy\" decoding=\"async\" class=\"wp-image-2802 alignleft\" src=\"https:\/\/agora.xtec.cat\/cee-jeronimoragas-cerdanyola\/wp-content\/uploads\/usu2099\/2026\/04\/IMG-20260414-WA0024-768x1024.jpg\" alt=\"\" width=\"183\" height=\"244\" srcset=\"https:\/\/agora.xtec.cat\/cee-jeronimoragas-cerdanyola\/wp-content\/uploads\/usu2099\/2026\/04\/IMG-20260414-WA0024-768x1024.jpg 768w, https:\/\/agora.xtec.cat\/cee-jeronimoragas-cerdanyola\/wp-content\/uploads\/usu2099\/2026\/04\/IMG-20260414-WA0024-225x300.jpg 225w, https:\/\/agora.xtec.cat\/cee-jeronimoragas-cerdanyola\/wp-content\/uploads\/usu2099\/2026\/04\/IMG-20260414-WA0024-1152x1536.jpg 1152w, https:\/\/agora.xtec.cat\/cee-jeronimoragas-cerdanyola\/wp-content\/uploads\/usu2099\/2026\/04\/IMG-20260414-WA0024.jpg 1200w\" sizes=\"auto, (max-width: 183px) 100vw, 183px\" \/><\/a> <a href=\"https:\/\/agora.xtec.cat\/cee-jeronimoragas-cerdanyola\/general\/sortim-dexcursio-a-lateneu\/attachment\/img-20260414-wa0028\/\" rel=\"attachment wp-att-2803\"><img loading=\"lazy\" decoding=\"async\" class=\"alignnone  wp-image-2803\" src=\"https:\/\/agora.xtec.cat\/cee-jeronimoragas-cerdanyola\/wp-content\/uploads\/usu2099\/2026\/04\/IMG-20260414-WA0028-768x1024.jpg\" alt=\"\" width=\"183\" height=\"244\" srcset=\"https:\/\/agora.xtec.cat\/cee-jeronimoragas-cerdanyola\/wp-content\/uploads\/usu2099\/2026\/04\/IMG-20260414-WA0028-768x1024.jpg 768w, https:\/\/agora.xtec.cat\/cee-jeronimoragas-cerdanyola\/wp-content\/uploads\/usu2099\/2026\/04\/IMG-20260414-WA0028-225x300.jpg 225w, https:\/\/agora.xtec.cat\/cee-jeronimoragas-cerdanyola\/wp-content\/uploads\/usu2099\/2026\/04\/IMG-20260414-WA0028-1152x1536.jpg 1152w, https:\/\/agora.xtec.cat\/cee-jeronimoragas-cerdanyola\/wp-content\/uploads\/usu2099\/2026\/04\/IMG-20260414-WA0028.jpg 1200w\" sizes=\"auto, (max-width: 183px) 100vw, 183px\" \/><\/a><\/p>\n","protected":false},"excerpt":{"rendered":"<p>Les activitats culturals, formen part del tarann\u00e0 de l&#8217;escola i ens enriqueixen amb noves emocions, colors, sons&#8230; El passat dimarts 14 d&#8217;abril vam gaudir d&#8217;una activitat cultural a l&#8217;Ateneu de Cerdanyola al mat\u00ed.<br \/>\nL&#8217;espectacle estava ple de colors llampants que cridaven l&#8217;atenci\u00f3 i can\u00e7ons que ens&hellip;  <a href=\"https:\/\/agora.xtec.cat\/cee-jeronimoragas-cerdanyola\/general\/sortim-dexcursio-a-lateneu\/\" title=\"Read Sortim d&#8217;excursi\u00f3 a l&#8217;Ateneu\">Llegeix m\u00e9s\u00bb<\/a><\/p>\n","protected":false},"author":70,"featured_media":0,"comment_status":"open","ping_status":"open","sticky":false,"template":"","format":"standard","meta":{"_bbp_topic_count":0,"_bbp_reply_count":0,"_bbp_total_topic_count":0,"_bbp_total_reply_count":0,"_bbp_voice_count":0,"_bbp_anonymous_reply_count":0,"_bbp_topic_count_hidden":0,"_bbp_reply_count_hidden":0,"_bbp_forum_subforum_count":0,"footnotes":""},"categories":[1,66,4],"tags":[],"class_list":["post-2799","post","type-post","status-publish","format-standard","hentry","category-general","category-grup-gris","category-portada"],"post_mailing_queue_ids":[],"_links":{"self":[{"href":"https:\/\/agora.xtec.cat\/cee-jeronimoragas-cerdanyola\/wp-json\/wp\/v2\/posts\/2799","targetHints":{"allow":["GET"]}}],"collection":[{"href":"https:\/\/agora.xtec.cat\/cee-jeronimoragas-cerdanyola\/wp-json\/wp\/v2\/posts"}],"about":[{"href":"https:\/\/agora.xtec.cat\/cee-jeronimoragas-cerdanyola\/wp-json\/wp\/v2\/types\/post"}],"author":[{"embeddable":true,"href":"https:\/\/agora.xtec.cat\/cee-jeronimoragas-cerdanyola\/wp-json\/wp\/v2\/users\/70"}],"replies":[{"embeddable":true,"href":"https:\/\/agora.xtec.cat\/cee-jeronimoragas-cerdanyola\/wp-json\/wp\/v2\/comments?post=2799"}],"version-history":[{"count":3,"href":"https:\/\/agora.xtec.cat\/cee-jeronimoragas-cerdanyola\/wp-json\/wp\/v2\/posts\/2799\/revisions"}],"predecessor-version":[{"id":2805,"href":"https:\/\/agora.xtec.cat\/cee-jeronimoragas-cerdanyola\/wp-json\/wp\/v2\/posts\/2799\/revisions\/2805"}],"wp:attachment":[{"href":"https:\/\/agora.xtec.cat\/cee-jeronimoragas-cerdanyola\/wp-json\/wp\/v2\/media?parent=2799"}],"wp:term":[{"taxonomy":"category","embeddable":true,"href":"https:\/\/agora.xtec.cat\/cee-jeronimoragas-cerdanyola\/wp-json\/wp\/v2\/categories?post=2799"},{"taxonomy":"post_tag","embeddable":true,"href":"https:\/\/agora.xtec.cat\/cee-jeronimoragas-cerdanyola\/wp-json\/wp\/v2\/tags?post=2799"}],"curies":[{"name":"wp","href":"https:\/\/api.w.org\/{rel}","templated":true}]}}