{"id":2751,"date":"2026-01-28T13:28:35","date_gmt":"2026-01-28T12:28:35","guid":{"rendered":"https:\/\/agora.xtec.cat\/cee-jeronimoragas-cerdanyola\/?p=2751"},"modified":"2026-01-28T13:28:35","modified_gmt":"2026-01-28T12:28:35","slug":"el-grup-blanc-fem-llum-negra","status":"publish","type":"post","link":"https:\/\/agora.xtec.cat\/cee-jeronimoragas-cerdanyola\/general\/el-grup-blanc-fem-llum-negra\/","title":{"rendered":"EL GRUP BLANC FEM LLUM NEGRA!"},"content":{"rendered":"<p data-start=\"73\" data-end=\"419\">El grup Blanc estem experimentant amb la llum negra, una proposta sensorial que ens ofereix l\u2019oportunitat d\u2019observar, gaudir i explorar diferents materials, textures, formes i colors. A trav\u00e9s d\u2019aquesta experi\u00e8ncia, els infants descobreixen com alguns elements reaccionen davant la llum, despertant la seva curiositat i capacitat d\u2019admiraci\u00f3.<\/p>\n<p data-start=\"426\" data-end=\"721\">Aquesta activitat afavoreix l\u2019experimentaci\u00f3 lliure, la creativitat i l\u2019expressi\u00f3 art\u00edstica, alhora que estimula els sentits i l\u2019observaci\u00f3.\u00a0A m\u00e9s, el treball amb la llum negra crea un ambient m\u00e0gic i motivador que convida al descobriment i l&#8217;exploraci\u00f3 vivencial.<a href=\"https:\/\/agora.xtec.cat\/cee-jeronimoragas-cerdanyola\/wp-content\/uploads\/usu2099\/2026\/01\/LLUM-NEGRA-1.jpg\"><img loading=\"lazy\" decoding=\"async\" class=\"alignnone size-large wp-image-2756\" src=\"https:\/\/agora.xtec.cat\/cee-jeronimoragas-cerdanyola\/wp-content\/uploads\/usu2099\/2026\/01\/LLUM-NEGRA-1-1024x819.jpg\" alt=\"\" width=\"1024\" height=\"819\" srcset=\"https:\/\/agora.xtec.cat\/cee-jeronimoragas-cerdanyola\/wp-content\/uploads\/usu2099\/2026\/01\/LLUM-NEGRA-1-1024x819.jpg 1024w, https:\/\/agora.xtec.cat\/cee-jeronimoragas-cerdanyola\/wp-content\/uploads\/usu2099\/2026\/01\/LLUM-NEGRA-1-300x240.jpg 300w, https:\/\/agora.xtec.cat\/cee-jeronimoragas-cerdanyola\/wp-content\/uploads\/usu2099\/2026\/01\/LLUM-NEGRA-1-768x614.jpg 768w, https:\/\/agora.xtec.cat\/cee-jeronimoragas-cerdanyola\/wp-content\/uploads\/usu2099\/2026\/01\/LLUM-NEGRA-1-1536x1229.jpg 1536w, https:\/\/agora.xtec.cat\/cee-jeronimoragas-cerdanyola\/wp-content\/uploads\/usu2099\/2026\/01\/LLUM-NEGRA-1.jpg 2000w\" sizes=\"auto, (max-width: 1024px) 100vw, 1024px\" \/><\/a><\/p>\n","protected":false},"excerpt":{"rendered":"<p>El grup Blanc estem experimentant amb la llum negra, una proposta sensorial que ens ofereix l\u2019oportunitat d\u2019observar, gaudir i explorar diferents materials, textures, formes i colors. A trav\u00e9s d\u2019aquesta experi\u00e8ncia, els infants descobreixen com alguns elements reaccionen davant la llum, despertant la seva curiositat i&hellip;  <a href=\"https:\/\/agora.xtec.cat\/cee-jeronimoragas-cerdanyola\/general\/el-grup-blanc-fem-llum-negra\/\" title=\"Read EL GRUP BLANC FEM LLUM NEGRA!\">Llegeix m\u00e9s\u00bb<\/a><\/p>\n","protected":false},"author":48,"featured_media":0,"comment_status":"open","ping_status":"open","sticky":false,"template":"","format":"standard","meta":{"_bbp_topic_count":0,"_bbp_reply_count":0,"_bbp_total_topic_count":0,"_bbp_total_reply_count":0,"_bbp_voice_count":0,"_bbp_anonymous_reply_count":0,"_bbp_topic_count_hidden":0,"_bbp_reply_count_hidden":0,"_bbp_forum_subforum_count":0,"footnotes":""},"categories":[1,4],"tags":[],"class_list":["post-2751","post","type-post","status-publish","format-standard","hentry","category-general","category-portada"],"post_mailing_queue_ids":[],"_links":{"self":[{"href":"https:\/\/agora.xtec.cat\/cee-jeronimoragas-cerdanyola\/wp-json\/wp\/v2\/posts\/2751","targetHints":{"allow":["GET"]}}],"collection":[{"href":"https:\/\/agora.xtec.cat\/cee-jeronimoragas-cerdanyola\/wp-json\/wp\/v2\/posts"}],"about":[{"href":"https:\/\/agora.xtec.cat\/cee-jeronimoragas-cerdanyola\/wp-json\/wp\/v2\/types\/post"}],"author":[{"embeddable":true,"href":"https:\/\/agora.xtec.cat\/cee-jeronimoragas-cerdanyola\/wp-json\/wp\/v2\/users\/48"}],"replies":[{"embeddable":true,"href":"https:\/\/agora.xtec.cat\/cee-jeronimoragas-cerdanyola\/wp-json\/wp\/v2\/comments?post=2751"}],"version-history":[{"count":2,"href":"https:\/\/agora.xtec.cat\/cee-jeronimoragas-cerdanyola\/wp-json\/wp\/v2\/posts\/2751\/revisions"}],"predecessor-version":[{"id":2757,"href":"https:\/\/agora.xtec.cat\/cee-jeronimoragas-cerdanyola\/wp-json\/wp\/v2\/posts\/2751\/revisions\/2757"}],"wp:attachment":[{"href":"https:\/\/agora.xtec.cat\/cee-jeronimoragas-cerdanyola\/wp-json\/wp\/v2\/media?parent=2751"}],"wp:term":[{"taxonomy":"category","embeddable":true,"href":"https:\/\/agora.xtec.cat\/cee-jeronimoragas-cerdanyola\/wp-json\/wp\/v2\/categories?post=2751"},{"taxonomy":"post_tag","embeddable":true,"href":"https:\/\/agora.xtec.cat\/cee-jeronimoragas-cerdanyola\/wp-json\/wp\/v2\/tags?post=2751"}],"curies":[{"name":"wp","href":"https:\/\/api.w.org\/{rel}","templated":true}]}}