{"id":2745,"date":"2026-01-26T11:13:57","date_gmt":"2026-01-26T10:13:57","guid":{"rendered":"https:\/\/agora.xtec.cat\/cee-jeronimoragas-cerdanyola\/?p=2745"},"modified":"2026-01-26T11:13:57","modified_gmt":"2026-01-26T10:13:57","slug":"flors-de-llum-i-paper","status":"publish","type":"post","link":"https:\/\/agora.xtec.cat\/cee-jeronimoragas-cerdanyola\/general\/flors-de-llum-i-paper\/","title":{"rendered":"FLORS DE LLUM I PAPER"},"content":{"rendered":"<p>L\u2019activitat <em data-start=\"159\" data-end=\"184\">Flors de llum i paper <\/em>s\u2019ha realitzat al llarg de tot el mati, amb els alumnes del tercer itinerari que s\u2019han dividit en dos grups. I quin \u00e8xit!<\/p>\n<p data-start=\"294\" data-end=\"681\">Primer de tot, a cada infant se li ha donat un petit cartell de paper amb una flor dibuixada. La primera missi\u00f3 era utilitzar el <strong data-start=\"423\" data-end=\"432\">punx\u00f3<\/strong>\u2026 i aqu\u00ed ja hem vist cares de concentraci\u00f3 m\u00e0xima. Els ha encantat! Ha sigut molt interessant observar com estaven tan atents i curosos, gaireb\u00e9 com si estiguessin fent una feina d\u2019alt\u00edssima precisi\u00f3 (silenci absolut i lleng\u00fces fora incloses).<\/p>\n<p data-start=\"683\" data-end=\"1023\">Un cop acabada aquesta primera part, ha arribat el moment de <strong data-start=\"744\" data-end=\"766\">pintar amb pintura<\/strong>. Aquesta activitat els ha anat molt b\u00e9, ja que ha pogut utilitzar tota la <strong data-start=\"847\" data-end=\"865\">gama de colors<\/strong>. A partir de nom\u00e9s tres colors, han creat les seves pr\u00f2pies combinacions, demostrant que tenim petits artistes amb molta imaginaci\u00f3\u2026 i sense por de barrejar!<\/p>\n<p data-start=\"1025\" data-end=\"1266\">Finalment, amb una <strong data-start=\"1044\" data-end=\"1064\">tapa de conserva<\/strong> que els alumnes havien portat pr\u00e8viament, s\u2019ha fet servir de base i, amb el paper ple de flors i colors, s\u2019ha cobert com si fos un petit <strong data-start=\"1252\" data-end=\"1263\">fanalet<\/strong>.<\/p>\n<p>El resultat final ha sigut un <strong data-start=\"1296\" data-end=\"1324\">fanalet de flors preci\u00f3s<\/strong>, ple de color, llum i creativitat. Una activitat que no nom\u00e9s ha deixat un objecte molt bonic, sin\u00f3 tamb\u00e9 moltes ganes de repetir (i alguna m\u00e0 una mica tacada de pintura, per\u00f2 aix\u00f2 ja compta com a \u00e8xit!).<\/p>\n<p><a href=\"https:\/\/agora.xtec.cat\/cee-jeronimoragas-cerdanyola\/wp-content\/uploads\/usu2099\/2026\/01\/Presentacion-Carnaval-Divertido-Multicolor.jpg\"><img loading=\"lazy\" decoding=\"async\" class=\"alignnone size-large wp-image-2748\" src=\"https:\/\/agora.xtec.cat\/cee-jeronimoragas-cerdanyola\/wp-content\/uploads\/usu2099\/2026\/01\/Presentacion-Carnaval-Divertido-Multicolor-1024x576.jpg\" alt=\"\" width=\"1024\" height=\"576\" srcset=\"https:\/\/agora.xtec.cat\/cee-jeronimoragas-cerdanyola\/wp-content\/uploads\/usu2099\/2026\/01\/Presentacion-Carnaval-Divertido-Multicolor-1024x576.jpg 1024w, https:\/\/agora.xtec.cat\/cee-jeronimoragas-cerdanyola\/wp-content\/uploads\/usu2099\/2026\/01\/Presentacion-Carnaval-Divertido-Multicolor-300x169.jpg 300w, https:\/\/agora.xtec.cat\/cee-jeronimoragas-cerdanyola\/wp-content\/uploads\/usu2099\/2026\/01\/Presentacion-Carnaval-Divertido-Multicolor-768x432.jpg 768w, https:\/\/agora.xtec.cat\/cee-jeronimoragas-cerdanyola\/wp-content\/uploads\/usu2099\/2026\/01\/Presentacion-Carnaval-Divertido-Multicolor-1536x864.jpg 1536w, https:\/\/agora.xtec.cat\/cee-jeronimoragas-cerdanyola\/wp-content\/uploads\/usu2099\/2026\/01\/Presentacion-Carnaval-Divertido-Multicolor.jpg 1920w\" sizes=\"auto, (max-width: 1024px) 100vw, 1024px\" \/><\/a><\/p>\n","protected":false},"excerpt":{"rendered":"<p>L\u2019activitat Flors de llum i paper s\u2019ha realitzat al llarg de tot el mati, amb els alumnes del tercer itinerari que s\u2019han dividit en dos grups. I quin \u00e8xit!<br \/>\nPrimer de tot, a cada infant se li ha donat un petit cartell de paper amb una&hellip;  <a href=\"https:\/\/agora.xtec.cat\/cee-jeronimoragas-cerdanyola\/general\/flors-de-llum-i-paper\/\" title=\"Read FLORS DE LLUM I PAPER\">Llegeix m\u00e9s\u00bb<\/a><\/p>\n","protected":false},"author":71,"featured_media":0,"comment_status":"open","ping_status":"open","sticky":false,"template":"","format":"standard","meta":{"_bbp_topic_count":0,"_bbp_reply_count":0,"_bbp_total_topic_count":0,"_bbp_total_reply_count":0,"_bbp_voice_count":0,"_bbp_anonymous_reply_count":0,"_bbp_topic_count_hidden":0,"_bbp_reply_count_hidden":0,"_bbp_forum_subforum_count":0,"footnotes":""},"categories":[1,67,4],"tags":[],"class_list":["post-2745","post","type-post","status-publish","format-standard","hentry","category-general","category-grup-lila","category-portada"],"post_mailing_queue_ids":[],"_links":{"self":[{"href":"https:\/\/agora.xtec.cat\/cee-jeronimoragas-cerdanyola\/wp-json\/wp\/v2\/posts\/2745","targetHints":{"allow":["GET"]}}],"collection":[{"href":"https:\/\/agora.xtec.cat\/cee-jeronimoragas-cerdanyola\/wp-json\/wp\/v2\/posts"}],"about":[{"href":"https:\/\/agora.xtec.cat\/cee-jeronimoragas-cerdanyola\/wp-json\/wp\/v2\/types\/post"}],"author":[{"embeddable":true,"href":"https:\/\/agora.xtec.cat\/cee-jeronimoragas-cerdanyola\/wp-json\/wp\/v2\/users\/71"}],"replies":[{"embeddable":true,"href":"https:\/\/agora.xtec.cat\/cee-jeronimoragas-cerdanyola\/wp-json\/wp\/v2\/comments?post=2745"}],"version-history":[{"count":3,"href":"https:\/\/agora.xtec.cat\/cee-jeronimoragas-cerdanyola\/wp-json\/wp\/v2\/posts\/2745\/revisions"}],"predecessor-version":[{"id":2750,"href":"https:\/\/agora.xtec.cat\/cee-jeronimoragas-cerdanyola\/wp-json\/wp\/v2\/posts\/2745\/revisions\/2750"}],"wp:attachment":[{"href":"https:\/\/agora.xtec.cat\/cee-jeronimoragas-cerdanyola\/wp-json\/wp\/v2\/media?parent=2745"}],"wp:term":[{"taxonomy":"category","embeddable":true,"href":"https:\/\/agora.xtec.cat\/cee-jeronimoragas-cerdanyola\/wp-json\/wp\/v2\/categories?post=2745"},{"taxonomy":"post_tag","embeddable":true,"href":"https:\/\/agora.xtec.cat\/cee-jeronimoragas-cerdanyola\/wp-json\/wp\/v2\/tags?post=2745"}],"curies":[{"name":"wp","href":"https:\/\/api.w.org\/{rel}","templated":true}]}}