{"id":2694,"date":"2025-12-02T10:30:55","date_gmt":"2025-12-02T09:30:55","guid":{"rendered":"https:\/\/agora.xtec.cat\/cee-jeronimoragas-cerdanyola\/?p=2694"},"modified":"2025-12-08T10:58:18","modified_gmt":"2025-12-08T09:58:18","slug":"setmana-castaween-al-jeroni","status":"publish","type":"post","link":"https:\/\/agora.xtec.cat\/cee-jeronimoragas-cerdanyola\/general\/setmana-castaween-al-jeroni\/","title":{"rendered":"SETMANA CASTAWEEN AL JERONI"},"content":{"rendered":"<p>Al Jeroni v\u00e0rem celebrar la setmana &#8220;CASTAWEEN&#8221; amb activitats diverses de Castanyada i Halloween. L&#8217;entrada de l&#8217;escola es va guarnir amb un mural ple de capsetes decorades de tardor fetes pels diferents grups de l&#8217;escola. Tamb\u00e9 es va posar una exposici\u00f3 molt divertida de carbasses guarnides pels alumnes. El dijous, com cada any, gaud\u00edem d\u2019un esmorzar comunitari de xocolata amb melindros i a la tarda vam poder gaudir de la visita de la Castanyera i el Gegant. Ens van fer una petita representaci\u00f3 i despr\u00e9s ens van repartir castanyes cuites i moniatos. El divendres pel mat\u00ed, visit\u00e0vem el t\u00fanel sensorial de Halloween i a la tarda, vam fer el concurs de les carbasses exposades, entregant medalles als diferents grups i un detallet. Va ser una setmana molt divertida!<a href=\"https:\/\/agora.xtec.cat\/cee-jeronimoragas-cerdanyola\/wp-content\/uploads\/usu2099\/2025\/11\/col.lage-general.jpg\"><img loading=\"lazy\" decoding=\"async\" class=\"alignnone size-large wp-image-2698\" src=\"https:\/\/agora.xtec.cat\/cee-jeronimoragas-cerdanyola\/wp-content\/uploads\/usu2099\/2025\/11\/col.lage-general-1024x744.jpg\" alt=\"\" width=\"1024\" height=\"744\" srcset=\"https:\/\/agora.xtec.cat\/cee-jeronimoragas-cerdanyola\/wp-content\/uploads\/usu2099\/2025\/11\/col.lage-general-1024x744.jpg 1024w, https:\/\/agora.xtec.cat\/cee-jeronimoragas-cerdanyola\/wp-content\/uploads\/usu2099\/2025\/11\/col.lage-general-300x218.jpg 300w, https:\/\/agora.xtec.cat\/cee-jeronimoragas-cerdanyola\/wp-content\/uploads\/usu2099\/2025\/11\/col.lage-general-768x558.jpg 768w, https:\/\/agora.xtec.cat\/cee-jeronimoragas-cerdanyola\/wp-content\/uploads\/usu2099\/2025\/11\/col.lage-general.jpg 1403w\" sizes=\"auto, (max-width: 1024px) 100vw, 1024px\" \/><\/a> <a href=\"https:\/\/agora.xtec.cat\/cee-jeronimoragas-cerdanyola\/wp-content\/uploads\/usu2099\/2025\/11\/Tercer-itinerari-castaween.jpg\"><img loading=\"lazy\" decoding=\"async\" class=\"alignnone size-large wp-image-2699\" src=\"https:\/\/agora.xtec.cat\/cee-jeronimoragas-cerdanyola\/wp-content\/uploads\/usu2099\/2025\/11\/Tercer-itinerari-castaween.jpg\" alt=\"\" width=\"960\" height=\"540\" srcset=\"https:\/\/agora.xtec.cat\/cee-jeronimoragas-cerdanyola\/wp-content\/uploads\/usu2099\/2025\/11\/Tercer-itinerari-castaween.jpg 960w, https:\/\/agora.xtec.cat\/cee-jeronimoragas-cerdanyola\/wp-content\/uploads\/usu2099\/2025\/11\/Tercer-itinerari-castaween-300x169.jpg 300w, https:\/\/agora.xtec.cat\/cee-jeronimoragas-cerdanyola\/wp-content\/uploads\/usu2099\/2025\/11\/Tercer-itinerari-castaween-768x432.jpg 768w\" sizes=\"auto, (max-width: 960px) 100vw, 960px\" \/><\/a><a href=\"https:\/\/agora.xtec.cat\/cee-jeronimoragas-cerdanyola\/wp-content\/uploads\/usu2099\/2025\/11\/Primer-itinerari-castaween.jpg\"><img loading=\"lazy\" decoding=\"async\" class=\"alignnone size-large wp-image-2695\" src=\"https:\/\/agora.xtec.cat\/cee-jeronimoragas-cerdanyola\/wp-content\/uploads\/usu2099\/2025\/11\/Primer-itinerari-castaween-724x1024.jpg\" alt=\"\" width=\"724\" height=\"1024\" srcset=\"https:\/\/agora.xtec.cat\/cee-jeronimoragas-cerdanyola\/wp-content\/uploads\/usu2099\/2025\/11\/Primer-itinerari-castaween-724x1024.jpg 724w, https:\/\/agora.xtec.cat\/cee-jeronimoragas-cerdanyola\/wp-content\/uploads\/usu2099\/2025\/11\/Primer-itinerari-castaween-212x300.jpg 212w, https:\/\/agora.xtec.cat\/cee-jeronimoragas-cerdanyola\/wp-content\/uploads\/usu2099\/2025\/11\/Primer-itinerari-castaween-768x1086.jpg 768w, https:\/\/agora.xtec.cat\/cee-jeronimoragas-cerdanyola\/wp-content\/uploads\/usu2099\/2025\/11\/Primer-itinerari-castaween-1086x1536.jpg 1086w, https:\/\/agora.xtec.cat\/cee-jeronimoragas-cerdanyola\/wp-content\/uploads\/usu2099\/2025\/11\/Primer-itinerari-castaween.jpg 1414w\" sizes=\"auto, (max-width: 724px) 100vw, 724px\" \/><\/a> <a href=\"https:\/\/agora.xtec.cat\/cee-jeronimoragas-cerdanyola\/wp-content\/uploads\/usu2099\/2025\/11\/Segon-itinerari-castaween.png\"><img loading=\"lazy\" decoding=\"async\" class=\"alignnone size-large wp-image-2696\" src=\"https:\/\/agora.xtec.cat\/cee-jeronimoragas-cerdanyola\/wp-content\/uploads\/usu2099\/2025\/11\/Segon-itinerari-castaween-819x1024.png\" alt=\"\" width=\"819\" height=\"1024\" srcset=\"https:\/\/agora.xtec.cat\/cee-jeronimoragas-cerdanyola\/wp-content\/uploads\/usu2099\/2025\/11\/Segon-itinerari-castaween-819x1024.png 819w, https:\/\/agora.xtec.cat\/cee-jeronimoragas-cerdanyola\/wp-content\/uploads\/usu2099\/2025\/11\/Segon-itinerari-castaween-240x300.png 240w, https:\/\/agora.xtec.cat\/cee-jeronimoragas-cerdanyola\/wp-content\/uploads\/usu2099\/2025\/11\/Segon-itinerari-castaween-768x960.png 768w, https:\/\/agora.xtec.cat\/cee-jeronimoragas-cerdanyola\/wp-content\/uploads\/usu2099\/2025\/11\/Segon-itinerari-castaween.png 1080w\" sizes=\"auto, (max-width: 819px) 100vw, 819px\" \/><\/a><\/p>\n","protected":false},"excerpt":{"rendered":"<p>Al Jeroni v\u00e0rem celebrar la setmana &#8220;CASTAWEEN&#8221; amb activitats diverses de Castanyada i Halloween. L&#8217;entrada de l&#8217;escola es va guarnir amb un mural ple de capsetes decorades de tardor fetes pels diferents grups de l&#8217;escola. Tamb\u00e9 es va posar una exposici\u00f3 molt divertida de carbasses&hellip;  <a href=\"https:\/\/agora.xtec.cat\/cee-jeronimoragas-cerdanyola\/general\/setmana-castaween-al-jeroni\/\" title=\"Read SETMANA CASTAWEEN AL JERONI\">Llegeix m\u00e9s\u00bb<\/a><\/p>\n","protected":false},"author":58,"featured_media":0,"comment_status":"open","ping_status":"open","sticky":false,"template":"","format":"standard","meta":{"_bbp_topic_count":0,"_bbp_reply_count":0,"_bbp_total_topic_count":0,"_bbp_total_reply_count":0,"_bbp_voice_count":0,"_bbp_anonymous_reply_count":0,"_bbp_topic_count_hidden":0,"_bbp_reply_count_hidden":0,"_bbp_forum_subforum_count":0,"footnotes":""},"categories":[1,97,4],"tags":[],"class_list":["post-2694","post","type-post","status-publish","format-standard","hentry","category-general","category-octubre","category-portada"],"post_mailing_queue_ids":[],"_links":{"self":[{"href":"https:\/\/agora.xtec.cat\/cee-jeronimoragas-cerdanyola\/wp-json\/wp\/v2\/posts\/2694","targetHints":{"allow":["GET"]}}],"collection":[{"href":"https:\/\/agora.xtec.cat\/cee-jeronimoragas-cerdanyola\/wp-json\/wp\/v2\/posts"}],"about":[{"href":"https:\/\/agora.xtec.cat\/cee-jeronimoragas-cerdanyola\/wp-json\/wp\/v2\/types\/post"}],"author":[{"embeddable":true,"href":"https:\/\/agora.xtec.cat\/cee-jeronimoragas-cerdanyola\/wp-json\/wp\/v2\/users\/58"}],"replies":[{"embeddable":true,"href":"https:\/\/agora.xtec.cat\/cee-jeronimoragas-cerdanyola\/wp-json\/wp\/v2\/comments?post=2694"}],"version-history":[{"count":2,"href":"https:\/\/agora.xtec.cat\/cee-jeronimoragas-cerdanyola\/wp-json\/wp\/v2\/posts\/2694\/revisions"}],"predecessor-version":[{"id":2700,"href":"https:\/\/agora.xtec.cat\/cee-jeronimoragas-cerdanyola\/wp-json\/wp\/v2\/posts\/2694\/revisions\/2700"}],"wp:attachment":[{"href":"https:\/\/agora.xtec.cat\/cee-jeronimoragas-cerdanyola\/wp-json\/wp\/v2\/media?parent=2694"}],"wp:term":[{"taxonomy":"category","embeddable":true,"href":"https:\/\/agora.xtec.cat\/cee-jeronimoragas-cerdanyola\/wp-json\/wp\/v2\/categories?post=2694"},{"taxonomy":"post_tag","embeddable":true,"href":"https:\/\/agora.xtec.cat\/cee-jeronimoragas-cerdanyola\/wp-json\/wp\/v2\/tags?post=2694"}],"curies":[{"name":"wp","href":"https:\/\/api.w.org\/{rel}","templated":true}]}}