{"id":2681,"date":"2026-02-05T15:47:55","date_gmt":"2026-02-05T14:47:55","guid":{"rendered":"https:\/\/agora.xtec.cat\/cee-jeronimoragas-cerdanyola\/?p=2681"},"modified":"2026-02-05T15:47:55","modified_gmt":"2026-02-05T14:47:55","slug":"un-sandwich-vegetal-ple-de-colors","status":"publish","type":"post","link":"https:\/\/agora.xtec.cat\/cee-jeronimoragas-cerdanyola\/general\/un-sandwich-vegetal-ple-de-colors\/","title":{"rendered":"Un Sandwich Vegetal Ple de Colors!"},"content":{"rendered":"<p>Aquesta setmana, els nens i nenes del <strong>Grup Lila<\/strong> s\u2019han posat el davantal i han deixat anar tota la seva creativitat culin\u00e0ria en un taller molt especial: la preparaci\u00f3 d\u2019un <strong>Sandwich vegetal ben saludable i delici\u00f3s<\/strong>.<\/p>\n<p>Amb molta il\u00b7lusi\u00f3, els cuiners han comen\u00e7at descobrint els diferents ingredients: enciam cruixent, tom\u00e0quet ben vermell, tonyina, formatge tendre i una mica de ceba que ha despertat m\u00e9s d\u2019una cara de sorpresa. Despr\u00e9s d\u2019observar, tocar i olorar cada aliment, ha arribat el moment m\u00e9s esperat: <strong>construir el seu propi Sandwich<\/strong>.<\/p>\n<p>Amb concentraci\u00f3\u2026 i alguna rialla inevitable, han anat col\u00b7locant els ingredients capa per capa, com si fos una petita obra d\u2019art gastron\u00f2mica. Alguns Sandwich han quedat tan alts que gaireb\u00e9 necessitaven un perm\u00eds d\u2019edificaci\u00f3! Per\u00f2 tots, sens dubte, han estat <strong>creacions \u00faniques i plenes de personalitat<\/strong>, igual que els seus autors.<\/p>\n<p>El taller ha estat una oportunitat perfecta perqu\u00e8 els infants aprenguessin h\u00e0bits alimentaris saludables, treballessin l\u2019autonomia i gaudissin de la satisfacci\u00f3 de preparar-se el seu propi menjar. I el millor de tot? <strong>S\u2019ho han menjat amb un orgull i un somriure que no cabia al plat.<\/strong><\/p>\n<p>Des del centre, celebrem aquestes activitats que fomenten el gust per provar aliments nous i la curiositat per la cuina. El Grup Lila ha demostrat que, amb imaginaci\u00f3 i ganes, fins i tot un Sandwich vegetal pot convertir-se en una aventura!<a href=\"https:\/\/agora.xtec.cat\/cee-jeronimoragas-cerdanyola\/wp-content\/uploads\/usu2099\/2025\/11\/Collage-taller-de-cuina-sandwich-vegetal-1.jpg\"><img loading=\"lazy\" decoding=\"async\" class=\"alignnone size-large wp-image-2682\" src=\"https:\/\/agora.xtec.cat\/cee-jeronimoragas-cerdanyola\/wp-content\/uploads\/usu2099\/2025\/11\/Collage-taller-de-cuina-sandwich-vegetal-1-1024x576.jpg\" alt=\"\" width=\"1024\" height=\"576\" srcset=\"https:\/\/agora.xtec.cat\/cee-jeronimoragas-cerdanyola\/wp-content\/uploads\/usu2099\/2025\/11\/Collage-taller-de-cuina-sandwich-vegetal-1-1024x576.jpg 1024w, https:\/\/agora.xtec.cat\/cee-jeronimoragas-cerdanyola\/wp-content\/uploads\/usu2099\/2025\/11\/Collage-taller-de-cuina-sandwich-vegetal-1-300x169.jpg 300w, https:\/\/agora.xtec.cat\/cee-jeronimoragas-cerdanyola\/wp-content\/uploads\/usu2099\/2025\/11\/Collage-taller-de-cuina-sandwich-vegetal-1-768x432.jpg 768w, https:\/\/agora.xtec.cat\/cee-jeronimoragas-cerdanyola\/wp-content\/uploads\/usu2099\/2025\/11\/Collage-taller-de-cuina-sandwich-vegetal-1-1536x864.jpg 1536w, https:\/\/agora.xtec.cat\/cee-jeronimoragas-cerdanyola\/wp-content\/uploads\/usu2099\/2025\/11\/Collage-taller-de-cuina-sandwich-vegetal-1.jpg 1920w\" sizes=\"auto, (max-width: 1024px) 100vw, 1024px\" \/><\/a><\/p>\n","protected":false},"excerpt":{"rendered":"<p>Aquesta setmana, els nens i nenes del Grup Lila s\u2019han posat el davantal i han deixat anar tota la seva creativitat culin\u00e0ria en un taller molt especial: la preparaci\u00f3 d\u2019un Sandwich vegetal ben saludable i delici\u00f3s.<br \/>\nAmb molta il\u00b7lusi\u00f3, els cuiners han comen\u00e7at descobrint els diferents&hellip;  <a href=\"https:\/\/agora.xtec.cat\/cee-jeronimoragas-cerdanyola\/general\/un-sandwich-vegetal-ple-de-colors\/\" title=\"Read Un Sandwich Vegetal Ple de Colors!\">Llegeix m\u00e9s\u00bb<\/a><\/p>\n","protected":false},"author":71,"featured_media":0,"comment_status":"open","ping_status":"open","sticky":false,"template":"","format":"standard","meta":{"_bbp_topic_count":0,"_bbp_reply_count":0,"_bbp_total_topic_count":0,"_bbp_total_reply_count":0,"_bbp_voice_count":0,"_bbp_anonymous_reply_count":0,"_bbp_topic_count_hidden":0,"_bbp_reply_count_hidden":0,"_bbp_forum_subforum_count":0,"footnotes":""},"categories":[1,67,4],"tags":[96,115,114],"class_list":["post-2681","post","type-post","status-publish","format-standard","hentry","category-general","category-grup-lila","category-portada","tag-grup-lila","tag-taller-cuina","tag-tercer-itinerari"],"post_mailing_queue_ids":[],"_links":{"self":[{"href":"https:\/\/agora.xtec.cat\/cee-jeronimoragas-cerdanyola\/wp-json\/wp\/v2\/posts\/2681","targetHints":{"allow":["GET"]}}],"collection":[{"href":"https:\/\/agora.xtec.cat\/cee-jeronimoragas-cerdanyola\/wp-json\/wp\/v2\/posts"}],"about":[{"href":"https:\/\/agora.xtec.cat\/cee-jeronimoragas-cerdanyola\/wp-json\/wp\/v2\/types\/post"}],"author":[{"embeddable":true,"href":"https:\/\/agora.xtec.cat\/cee-jeronimoragas-cerdanyola\/wp-json\/wp\/v2\/users\/71"}],"replies":[{"embeddable":true,"href":"https:\/\/agora.xtec.cat\/cee-jeronimoragas-cerdanyola\/wp-json\/wp\/v2\/comments?post=2681"}],"version-history":[{"count":1,"href":"https:\/\/agora.xtec.cat\/cee-jeronimoragas-cerdanyola\/wp-json\/wp\/v2\/posts\/2681\/revisions"}],"predecessor-version":[{"id":2684,"href":"https:\/\/agora.xtec.cat\/cee-jeronimoragas-cerdanyola\/wp-json\/wp\/v2\/posts\/2681\/revisions\/2684"}],"wp:attachment":[{"href":"https:\/\/agora.xtec.cat\/cee-jeronimoragas-cerdanyola\/wp-json\/wp\/v2\/media?parent=2681"}],"wp:term":[{"taxonomy":"category","embeddable":true,"href":"https:\/\/agora.xtec.cat\/cee-jeronimoragas-cerdanyola\/wp-json\/wp\/v2\/categories?post=2681"},{"taxonomy":"post_tag","embeddable":true,"href":"https:\/\/agora.xtec.cat\/cee-jeronimoragas-cerdanyola\/wp-json\/wp\/v2\/tags?post=2681"}],"curies":[{"name":"wp","href":"https:\/\/api.w.org\/{rel}","templated":true}]}}