{"id":2656,"date":"2025-10-20T11:23:30","date_gmt":"2025-10-20T09:23:30","guid":{"rendered":"https:\/\/agora.xtec.cat\/cee-jeronimoragas-cerdanyola\/?p=2656"},"modified":"2025-10-20T11:23:30","modified_gmt":"2025-10-20T09:23:30","slug":"expressio-amb-mocadors-de-colors","status":"publish","type":"post","link":"https:\/\/agora.xtec.cat\/cee-jeronimoragas-cerdanyola\/general\/expressio-amb-mocadors-de-colors\/","title":{"rendered":"Expressi\u00f3 amb mocadors de colors"},"content":{"rendered":"<div>\n<div>\n<div>\n<div id=\"m_8241312101416814424gmail-:14p\">\n<div id=\"m_8241312101416814424gmail-:14o\">\n<div dir=\"ltr\">\n<p>Els nois i noies del\u00a0<strong>primer itinerari<\/strong>\u00a0hem fet una activitat molt divertida a\u00a0<strong>Expressi\u00f3 corporal<\/strong>. Aquesta vegada hem utilitzat\u00a0<strong>mocadors de molts colors<\/strong>\u00a0<img loading=\"lazy\" decoding=\"async\" class=\"an1\" src=\"https:\/\/fonts.gstatic.com\/s\/e\/notoemoji\/16.0\/1f308\/72.png\" alt=\"\ud83c\udf08\" width=\"17\" height=\"17\" data-emoji=\"\ud83c\udf08\" aria-label=\"\ud83c\udf08\" \/>\u00a0i amb\u00a0<strong>m\u00fasica de fons<\/strong>, i ens ho hem passat d\u2019all\u00f2 m\u00e9s b\u00e9!\u00a0<img loading=\"lazy\" decoding=\"async\" class=\"an1\" src=\"https:\/\/fonts.gstatic.com\/s\/e\/notoemoji\/16.0\/1f604\/72.png\" alt=\"\ud83d\ude04\" width=\"15\" height=\"15\" data-emoji=\"\ud83d\ude04\" aria-label=\"\ud83d\ude04\" \/><\/p>\n<p>En arribar ens vam trobar els mocadors penjant, creant una cortina. N&#8217;havia de\u00a0<strong>tots els colors<\/strong>: vermells, verds, blaus, grocs, roses i taronges. Despr\u00e9s, amb la m\u00fasica sonant, vam comen\u00e7ar a\u00a0moure&#8217;ns, fent girs, moviments suaus i formes boniques amb els mocadors que volaven pel aire com si fossin papallones\u00a0<img loading=\"lazy\" decoding=\"async\" class=\"an1\" src=\"https:\/\/fonts.gstatic.com\/s\/e\/notoemoji\/16.0\/1f98b\/72.png\" alt=\"\ud83e\udd8b\" width=\"14\" height=\"14\" data-emoji=\"\ud83e\udd8b\" aria-label=\"\ud83e\udd8b\" \/>.<\/p>\n<p>Amb aquesta activitat vam poder\u00a0<strong>expressar emocions, relaxar-nos i gaudir de moviments senzills i tranquils<\/strong>. Va ser un moment ple de\u00a0<strong>colors, m\u00fasica i somriures<\/strong>.<\/p>\n<p>Tots vam acabar molt contents i contents! Ens va agradar tant que ja estem esperant repetir una altra sessi\u00f3 com aquesta.\u00a0<img loading=\"lazy\" decoding=\"async\" class=\"an1\" src=\"https:\/\/fonts.gstatic.com\/s\/e\/notoemoji\/16.0\/1f4ab\/72.png\" alt=\"\ud83d\udcab\" width=\"14\" height=\"14\" data-emoji=\"\ud83d\udcab\" aria-label=\"\ud83d\udcab\" \/><\/p>\n<\/div>\n<\/div>\n<p><a href=\"https:\/\/agora.xtec.cat\/cee-jeronimoragas-cerdanyola\/general\/expressio-amb-mocadors-de-colors\/attachment\/mocadors\/\" rel=\"attachment wp-att-2661\"><img loading=\"lazy\" decoding=\"async\" class=\"alignnone size-large wp-image-2661\" src=\"https:\/\/agora.xtec.cat\/cee-jeronimoragas-cerdanyola\/wp-content\/uploads\/usu2099\/2025\/10\/Mocadors-576x1024.jpg\" alt=\"\" width=\"576\" height=\"1024\" srcset=\"https:\/\/agora.xtec.cat\/cee-jeronimoragas-cerdanyola\/wp-content\/uploads\/usu2099\/2025\/10\/Mocadors-576x1024.jpg 576w, https:\/\/agora.xtec.cat\/cee-jeronimoragas-cerdanyola\/wp-content\/uploads\/usu2099\/2025\/10\/Mocadors-169x300.jpg 169w, https:\/\/agora.xtec.cat\/cee-jeronimoragas-cerdanyola\/wp-content\/uploads\/usu2099\/2025\/10\/Mocadors-768x1365.jpg 768w, https:\/\/agora.xtec.cat\/cee-jeronimoragas-cerdanyola\/wp-content\/uploads\/usu2099\/2025\/10\/Mocadors-864x1536.jpg 864w, https:\/\/agora.xtec.cat\/cee-jeronimoragas-cerdanyola\/wp-content\/uploads\/usu2099\/2025\/10\/Mocadors.jpg 1080w\" sizes=\"auto, (max-width: 576px) 100vw, 576px\" \/><\/a><\/p>\n<\/div>\n<\/div>\n<\/div>\n<\/div>\n","protected":false},"excerpt":{"rendered":"<p>Els nois i noies del\u00a0primer itinerari\u00a0hem fet una activitat molt divertida a\u00a0Expressi\u00f3 corporal. Aquesta vegada hem utilitzat\u00a0mocadors de molts colors\u00a0\u00a0i amb\u00a0m\u00fasica de fons, i ens ho hem passat d\u2019all\u00f2 m\u00e9s b\u00e9!\u00a0<br \/>\nEn arribar ens vam trobar els mocadors penjant, creant una cortina. N&#8217;havia de\u00a0tots els colors:&hellip;  <a href=\"https:\/\/agora.xtec.cat\/cee-jeronimoragas-cerdanyola\/general\/expressio-amb-mocadors-de-colors\/\" title=\"Read Expressi\u00f3 amb mocadors de colors\">Llegeix m\u00e9s\u00bb<\/a><\/p>\n","protected":false},"author":70,"featured_media":0,"comment_status":"open","ping_status":"open","sticky":false,"template":"","format":"standard","meta":{"_bbp_topic_count":0,"_bbp_reply_count":0,"_bbp_total_topic_count":0,"_bbp_total_reply_count":0,"_bbp_voice_count":0,"_bbp_anonymous_reply_count":0,"_bbp_topic_count_hidden":0,"_bbp_reply_count_hidden":0,"_bbp_forum_subforum_count":0,"footnotes":""},"categories":[1,60,62,61,4],"tags":[],"class_list":["post-2656","post","type-post","status-publish","format-standard","hentry","category-general","category-grup-blau","category-grup-verd","category-grup-vermell","category-portada"],"post_mailing_queue_ids":[],"_links":{"self":[{"href":"https:\/\/agora.xtec.cat\/cee-jeronimoragas-cerdanyola\/wp-json\/wp\/v2\/posts\/2656","targetHints":{"allow":["GET"]}}],"collection":[{"href":"https:\/\/agora.xtec.cat\/cee-jeronimoragas-cerdanyola\/wp-json\/wp\/v2\/posts"}],"about":[{"href":"https:\/\/agora.xtec.cat\/cee-jeronimoragas-cerdanyola\/wp-json\/wp\/v2\/types\/post"}],"author":[{"embeddable":true,"href":"https:\/\/agora.xtec.cat\/cee-jeronimoragas-cerdanyola\/wp-json\/wp\/v2\/users\/70"}],"replies":[{"embeddable":true,"href":"https:\/\/agora.xtec.cat\/cee-jeronimoragas-cerdanyola\/wp-json\/wp\/v2\/comments?post=2656"}],"version-history":[{"count":5,"href":"https:\/\/agora.xtec.cat\/cee-jeronimoragas-cerdanyola\/wp-json\/wp\/v2\/posts\/2656\/revisions"}],"predecessor-version":[{"id":2664,"href":"https:\/\/agora.xtec.cat\/cee-jeronimoragas-cerdanyola\/wp-json\/wp\/v2\/posts\/2656\/revisions\/2664"}],"wp:attachment":[{"href":"https:\/\/agora.xtec.cat\/cee-jeronimoragas-cerdanyola\/wp-json\/wp\/v2\/media?parent=2656"}],"wp:term":[{"taxonomy":"category","embeddable":true,"href":"https:\/\/agora.xtec.cat\/cee-jeronimoragas-cerdanyola\/wp-json\/wp\/v2\/categories?post=2656"},{"taxonomy":"post_tag","embeddable":true,"href":"https:\/\/agora.xtec.cat\/cee-jeronimoragas-cerdanyola\/wp-json\/wp\/v2\/tags?post=2656"}],"curies":[{"name":"wp","href":"https:\/\/api.w.org\/{rel}","templated":true}]}}