{"id":2601,"date":"2025-03-13T09:48:20","date_gmt":"2025-03-13T08:48:20","guid":{"rendered":"https:\/\/agora.xtec.cat\/cee-jeronimoragas-cerdanyola\/?p=2601"},"modified":"2025-03-13T09:48:20","modified_gmt":"2025-03-13T08:48:20","slug":"caminem-junts","status":"publish","type":"post","link":"https:\/\/agora.xtec.cat\/cee-jeronimoragas-cerdanyola\/portada\/caminem-junts\/","title":{"rendered":"Caminem junts"},"content":{"rendered":"<p class=\"Standard\"><span lang=\"CA\">Els grups verd, vermell i blau gaudim molt jugant amb el paracaigudes al ritme de la m\u00fasica de Doctor Prats, &#8216;Caminem Junts&#8217;. Entre rialles, moviments coordinats i una gran energia, ens divertim compartint aquest moment ple de complicitat i alegria. Cada nota de la can\u00e7\u00f3 ens impulsa a treballar junts, creant una sensaci\u00f3 de comunitat i harmonia mentre el paracaigudes vola al nostre voltant.<\/span><\/p>\n<p><iframe loading=\"lazy\" title=\"CAMINEM JUNTS  DOCTOR PRATS\" width=\"500\" height=\"281\" src=\"https:\/\/www.youtube.com\/embed\/xm97FtA-08Y?feature=oembed\" frameborder=\"0\" allow=\"accelerometer; autoplay; clipboard-write; encrypted-media; gyroscope; picture-in-picture; web-share\" referrerpolicy=\"strict-origin-when-cross-origin\" allowfullscreen><\/iframe><\/p>\n","protected":false},"excerpt":{"rendered":"<p>Els grups verd, vermell i blau gaudim molt jugant amb el paracaigudes al ritme de la m\u00fasica de Doctor Prats, &#8216;Caminem Junts&#8217;. Entre rialles, moviments coordinats i una gran energia, ens divertim compartint aquest moment ple de complicitat i alegria. Cada nota de la can\u00e7\u00f3&hellip;  <a href=\"https:\/\/agora.xtec.cat\/cee-jeronimoragas-cerdanyola\/portada\/caminem-junts\/\" title=\"Read Caminem junts\">Llegeix m\u00e9s\u00bb<\/a><\/p>\n","protected":false},"author":1,"featured_media":2603,"comment_status":"open","ping_status":"closed","sticky":false,"template":"","format":"standard","meta":{"_bbp_topic_count":0,"_bbp_reply_count":0,"_bbp_total_topic_count":0,"_bbp_total_reply_count":0,"_bbp_voice_count":0,"_bbp_anonymous_reply_count":0,"_bbp_topic_count_hidden":0,"_bbp_reply_count_hidden":0,"_bbp_forum_subforum_count":0,"footnotes":""},"categories":[60,62,61,4],"tags":[78],"class_list":["post-2601","post","type-post","status-publish","format-standard","has-post-thumbnail","hentry","category-grup-blau","category-grup-verd","category-grup-vermell","category-portada","tag-1er-itinerari"],"post_mailing_queue_ids":[],"_links":{"self":[{"href":"https:\/\/agora.xtec.cat\/cee-jeronimoragas-cerdanyola\/wp-json\/wp\/v2\/posts\/2601","targetHints":{"allow":["GET"]}}],"collection":[{"href":"https:\/\/agora.xtec.cat\/cee-jeronimoragas-cerdanyola\/wp-json\/wp\/v2\/posts"}],"about":[{"href":"https:\/\/agora.xtec.cat\/cee-jeronimoragas-cerdanyola\/wp-json\/wp\/v2\/types\/post"}],"author":[{"embeddable":true,"href":"https:\/\/agora.xtec.cat\/cee-jeronimoragas-cerdanyola\/wp-json\/wp\/v2\/users\/1"}],"replies":[{"embeddable":true,"href":"https:\/\/agora.xtec.cat\/cee-jeronimoragas-cerdanyola\/wp-json\/wp\/v2\/comments?post=2601"}],"version-history":[{"count":1,"href":"https:\/\/agora.xtec.cat\/cee-jeronimoragas-cerdanyola\/wp-json\/wp\/v2\/posts\/2601\/revisions"}],"predecessor-version":[{"id":2602,"href":"https:\/\/agora.xtec.cat\/cee-jeronimoragas-cerdanyola\/wp-json\/wp\/v2\/posts\/2601\/revisions\/2602"}],"wp:featuredmedia":[{"embeddable":true,"href":"https:\/\/agora.xtec.cat\/cee-jeronimoragas-cerdanyola\/wp-json\/wp\/v2\/media\/2603"}],"wp:attachment":[{"href":"https:\/\/agora.xtec.cat\/cee-jeronimoragas-cerdanyola\/wp-json\/wp\/v2\/media?parent=2601"}],"wp:term":[{"taxonomy":"category","embeddable":true,"href":"https:\/\/agora.xtec.cat\/cee-jeronimoragas-cerdanyola\/wp-json\/wp\/v2\/categories?post=2601"},{"taxonomy":"post_tag","embeddable":true,"href":"https:\/\/agora.xtec.cat\/cee-jeronimoragas-cerdanyola\/wp-json\/wp\/v2\/tags?post=2601"}],"curies":[{"name":"wp","href":"https:\/\/api.w.org\/{rel}","templated":true}]}}