{"id":2551,"date":"2024-12-19T11:34:56","date_gmt":"2024-12-19T10:34:56","guid":{"rendered":"https:\/\/agora.xtec.cat\/cee-jeronimoragas-cerdanyola\/?p=2551"},"modified":"2024-12-19T11:36:15","modified_gmt":"2024-12-19T10:36:15","slug":"el-primer-itinerari-troba-el-tio","status":"publish","type":"post","link":"https:\/\/agora.xtec.cat\/cee-jeronimoragas-cerdanyola\/portada\/el-primer-itinerari-troba-el-tio\/","title":{"rendered":"El primer itinerari troba el Ti\u00f3!"},"content":{"rendered":"<p>El divendres 13 de desembre, l\u2019alumnat del primer itinerari van tenir la sort de trobar el Ti\u00f3! Va ser un moment molt emocionant, ple de rialles i expectaci\u00f3. Tenim molta il\u00b7lusi\u00f3, ja que sabem que el Ti\u00f3 \u00e9s un s\u00edmbol de les festes nadalenques i ens porta molts regals.<\/p>\n<p>Ara, ens hem posat mans a l&#8217;obra i li donarem un munt de menjar, com ara neules, taronges i altres del\u00edcies, perqu\u00e8 ens caguin molts regals! Tenim la certesa que, amb tot l&#8217;amor i l&#8217;atenci\u00f3 que li donem, el Ti\u00f3 ens recompensar\u00e0 amb sorpreses incre\u00efbles.<\/p>\n<p>Desitgem que aquestes festes siguin plenes de m\u00e0gia i moments especials per a tots. Bones festes a tothom!<\/p>\n<p><a href=\"https:\/\/agora.xtec.cat\/cee-jeronimoragas-cerdanyola\/wp-content\/uploads\/usu2099\/2024\/12\/Picsart_24-12-14_11-54-02-311.jpg\"><img loading=\"lazy\" decoding=\"async\" class=\"size-large wp-image-2552\" src=\"https:\/\/agora.xtec.cat\/cee-jeronimoragas-cerdanyola\/wp-content\/uploads\/usu2099\/2024\/12\/Picsart_24-12-14_11-54-02-311-779x1024.jpg\" alt=\"\" width=\"779\" height=\"1024\" srcset=\"https:\/\/agora.xtec.cat\/cee-jeronimoragas-cerdanyola\/wp-content\/uploads\/usu2099\/2024\/12\/Picsart_24-12-14_11-54-02-311-779x1024.jpg 779w, https:\/\/agora.xtec.cat\/cee-jeronimoragas-cerdanyola\/wp-content\/uploads\/usu2099\/2024\/12\/Picsart_24-12-14_11-54-02-311-228x300.jpg 228w, https:\/\/agora.xtec.cat\/cee-jeronimoragas-cerdanyola\/wp-content\/uploads\/usu2099\/2024\/12\/Picsart_24-12-14_11-54-02-311-768x1010.jpg 768w, https:\/\/agora.xtec.cat\/cee-jeronimoragas-cerdanyola\/wp-content\/uploads\/usu2099\/2024\/12\/Picsart_24-12-14_11-54-02-311-1168x1536.jpg 1168w, https:\/\/agora.xtec.cat\/cee-jeronimoragas-cerdanyola\/wp-content\/uploads\/usu2099\/2024\/12\/Picsart_24-12-14_11-54-02-311.jpg 1557w\" sizes=\"auto, (max-width: 779px) 100vw, 779px\" \/><\/a><\/p>\n<p><a href=\"https:\/\/agora.xtec.cat\/cee-jeronimoragas-cerdanyola\/wp-content\/uploads\/usu2099\/2024\/12\/IMG-20241214-WA0002.jpg\"><img loading=\"lazy\" decoding=\"async\" class=\"alignnone size-large wp-image-2553\" src=\"https:\/\/agora.xtec.cat\/cee-jeronimoragas-cerdanyola\/wp-content\/uploads\/usu2099\/2024\/12\/IMG-20241214-WA0002-781x1024.jpg\" alt=\"\" width=\"781\" height=\"1024\" srcset=\"https:\/\/agora.xtec.cat\/cee-jeronimoragas-cerdanyola\/wp-content\/uploads\/usu2099\/2024\/12\/IMG-20241214-WA0002-781x1024.jpg 781w, https:\/\/agora.xtec.cat\/cee-jeronimoragas-cerdanyola\/wp-content\/uploads\/usu2099\/2024\/12\/IMG-20241214-WA0002-229x300.jpg 229w, https:\/\/agora.xtec.cat\/cee-jeronimoragas-cerdanyola\/wp-content\/uploads\/usu2099\/2024\/12\/IMG-20241214-WA0002-768x1007.jpg 768w, https:\/\/agora.xtec.cat\/cee-jeronimoragas-cerdanyola\/wp-content\/uploads\/usu2099\/2024\/12\/IMG-20241214-WA0002-1171x1536.jpg 1171w, https:\/\/agora.xtec.cat\/cee-jeronimoragas-cerdanyola\/wp-content\/uploads\/usu2099\/2024\/12\/IMG-20241214-WA0002.jpg 1220w\" sizes=\"auto, (max-width: 781px) 100vw, 781px\" \/><\/a><\/p>\n","protected":false},"excerpt":{"rendered":"<p>El divendres 13 de desembre, l\u2019alumnat del primer itinerari van tenir la sort de trobar el Ti\u00f3! Va ser un moment molt emocionant, ple de rialles i expectaci\u00f3. Tenim molta il\u00b7lusi\u00f3, ja que sabem que el Ti\u00f3 \u00e9s un s\u00edmbol de les festes nadalenques i&hellip;  <a href=\"https:\/\/agora.xtec.cat\/cee-jeronimoragas-cerdanyola\/portada\/el-primer-itinerari-troba-el-tio\/\" title=\"Read El primer itinerari troba el Ti\u00f3!\">Llegeix m\u00e9s\u00bb<\/a><\/p>\n","protected":false},"author":1,"featured_media":2552,"comment_status":"open","ping_status":"closed","sticky":false,"template":"","format":"standard","meta":{"_bbp_topic_count":0,"_bbp_reply_count":0,"_bbp_total_topic_count":0,"_bbp_total_reply_count":0,"_bbp_voice_count":0,"_bbp_anonymous_reply_count":0,"_bbp_topic_count_hidden":0,"_bbp_reply_count_hidden":0,"_bbp_forum_subforum_count":0,"footnotes":""},"categories":[60,62,61,4],"tags":[],"class_list":["post-2551","post","type-post","status-publish","format-standard","has-post-thumbnail","hentry","category-grup-blau","category-grup-verd","category-grup-vermell","category-portada"],"post_mailing_queue_ids":[],"_links":{"self":[{"href":"https:\/\/agora.xtec.cat\/cee-jeronimoragas-cerdanyola\/wp-json\/wp\/v2\/posts\/2551","targetHints":{"allow":["GET"]}}],"collection":[{"href":"https:\/\/agora.xtec.cat\/cee-jeronimoragas-cerdanyola\/wp-json\/wp\/v2\/posts"}],"about":[{"href":"https:\/\/agora.xtec.cat\/cee-jeronimoragas-cerdanyola\/wp-json\/wp\/v2\/types\/post"}],"author":[{"embeddable":true,"href":"https:\/\/agora.xtec.cat\/cee-jeronimoragas-cerdanyola\/wp-json\/wp\/v2\/users\/1"}],"replies":[{"embeddable":true,"href":"https:\/\/agora.xtec.cat\/cee-jeronimoragas-cerdanyola\/wp-json\/wp\/v2\/comments?post=2551"}],"version-history":[{"count":2,"href":"https:\/\/agora.xtec.cat\/cee-jeronimoragas-cerdanyola\/wp-json\/wp\/v2\/posts\/2551\/revisions"}],"predecessor-version":[{"id":2555,"href":"https:\/\/agora.xtec.cat\/cee-jeronimoragas-cerdanyola\/wp-json\/wp\/v2\/posts\/2551\/revisions\/2555"}],"wp:featuredmedia":[{"embeddable":true,"href":"https:\/\/agora.xtec.cat\/cee-jeronimoragas-cerdanyola\/wp-json\/wp\/v2\/media\/2552"}],"wp:attachment":[{"href":"https:\/\/agora.xtec.cat\/cee-jeronimoragas-cerdanyola\/wp-json\/wp\/v2\/media?parent=2551"}],"wp:term":[{"taxonomy":"category","embeddable":true,"href":"https:\/\/agora.xtec.cat\/cee-jeronimoragas-cerdanyola\/wp-json\/wp\/v2\/categories?post=2551"},{"taxonomy":"post_tag","embeddable":true,"href":"https:\/\/agora.xtec.cat\/cee-jeronimoragas-cerdanyola\/wp-json\/wp\/v2\/tags?post=2551"}],"curies":[{"name":"wp","href":"https:\/\/api.w.org\/{rel}","templated":true}]}}