{"id":2537,"date":"2024-11-22T11:11:27","date_gmt":"2024-11-22T10:11:27","guid":{"rendered":"https:\/\/agora.xtec.cat\/cee-jeronimoragas-cerdanyola\/?p=2537"},"modified":"2024-11-28T08:59:24","modified_gmt":"2024-11-28T07:59:24","slug":"la-castanyada-al-jeroni","status":"publish","type":"post","link":"https:\/\/agora.xtec.cat\/cee-jeronimoragas-cerdanyola\/portada\/la-castanyada-al-jeroni\/","title":{"rendered":"La Castanyada al Jeroni"},"content":{"rendered":"<p style=\"text-align: justify;\"><strong>Jornada de la Castanyada a l\u2019Escola<\/strong><br \/>\nEls dies 29 i 30 d\u2019octubre vam celebrar la Castanyada i el Halloween a l\u2019escola, ara us explicarem tot el que vam fer!<br \/>\nEl 29 d&#8217;octubre, vam celebrar la Castanyada a l&#8217;escola amb una jornada plena d&#8217;activitats. Vam comen\u00e7ar el dia amb un esmorzar col\u00b7lectiu de xocolata amb melindros, una del\u00edcia! Tamb\u00e9 vam lliurar els premis als s\u00faper moniatos del concurs, i els nens i nenes van gaudir d&#8217;una animada ballaruca al pati. A la tarda, vam tenir l&#8217;honor d&#8217;estrenar mundialment l&#8217;obra de teatre La Castanyera Rockera, que va encantar a tots els espectadors.<br \/>\nEl 30 d&#8217;octubre va ser el torn del Halloween! Els infants van venir a l\u2019escola vestits per a l&#8217;ocasi\u00f3, i vam organitzar un taller de maquillatge terror\u00edfic per a completar els seus modelets terror\u00edfics. A m\u00e9s, cada grup va passar pel nostre t\u00fanel del terror, quina por! A la tarda, van venir les castanyeres i vam gaudir de les castanyes i moniatos, que van ser un veritable plaer per al paladar.<br \/>\nEns ho vam passar s\u00faper b\u00e9, us deixem unes quantes fotos perqu\u00e8 us pugueu fer a la idea!<br \/>\nVISCA LA CASTANYADA!<\/p>\n<div style=\"width: 1920px;\" class=\"wp-video\"><!--[if lt IE 9]><script>document.createElement('video');<\/script><![endif]-->\n<video class=\"wp-video-shortcode\" id=\"video-2537-1\" width=\"1920\" height=\"1080\" preload=\"metadata\" controls=\"controls\"><source type=\"video\/mp4\" src=\"https:\/\/agora.xtec.cat\/cee-jeronimoragas-cerdanyola\/wp-content\/uploads\/usu2099\/2024\/11\/castanyada-2024_7csM1XCW-1.mp4?_=1\" \/><a href=\"https:\/\/agora.xtec.cat\/cee-jeronimoragas-cerdanyola\/wp-content\/uploads\/usu2099\/2024\/11\/castanyada-2024_7csM1XCW-1.mp4\">https:\/\/agora.xtec.cat\/cee-jeronimoragas-cerdanyola\/wp-content\/uploads\/usu2099\/2024\/11\/castanyada-2024_7csM1XCW-1.mp4<\/a><\/video><\/div>\n","protected":false},"excerpt":{"rendered":"<p>Jornada de la Castanyada a l\u2019Escola<br \/>\nEls dies 29 i 30 d\u2019octubre vam celebrar la Castanyada i el Halloween a l\u2019escola, ara us explicarem tot el que vam fer!<br \/>\nEl 29 d&#8217;octubre, vam celebrar la Castanyada a l&#8217;escola amb una jornada plena d&#8217;activitats. Vam comen\u00e7ar el dia&hellip;  <a href=\"https:\/\/agora.xtec.cat\/cee-jeronimoragas-cerdanyola\/portada\/la-castanyada-al-jeroni\/\" title=\"Read La Castanyada al Jeroni\">Llegeix m\u00e9s\u00bb<\/a><\/p>\n","protected":false},"author":1,"featured_media":0,"comment_status":"open","ping_status":"closed","sticky":false,"template":"","format":"standard","meta":{"_bbp_topic_count":0,"_bbp_reply_count":0,"_bbp_total_topic_count":0,"_bbp_total_reply_count":0,"_bbp_voice_count":0,"_bbp_anonymous_reply_count":0,"_bbp_topic_count_hidden":0,"_bbp_reply_count_hidden":0,"_bbp_forum_subforum_count":0,"footnotes":""},"categories":[98,4],"tags":[106,108,107],"class_list":["post-2537","post","type-post","status-publish","format-standard","hentry","category-novembre","category-portada","tag-castanyada","tag-festes","tag-halloween"],"post_mailing_queue_ids":[],"_links":{"self":[{"href":"https:\/\/agora.xtec.cat\/cee-jeronimoragas-cerdanyola\/wp-json\/wp\/v2\/posts\/2537","targetHints":{"allow":["GET"]}}],"collection":[{"href":"https:\/\/agora.xtec.cat\/cee-jeronimoragas-cerdanyola\/wp-json\/wp\/v2\/posts"}],"about":[{"href":"https:\/\/agora.xtec.cat\/cee-jeronimoragas-cerdanyola\/wp-json\/wp\/v2\/types\/post"}],"author":[{"embeddable":true,"href":"https:\/\/agora.xtec.cat\/cee-jeronimoragas-cerdanyola\/wp-json\/wp\/v2\/users\/1"}],"replies":[{"embeddable":true,"href":"https:\/\/agora.xtec.cat\/cee-jeronimoragas-cerdanyola\/wp-json\/wp\/v2\/comments?post=2537"}],"version-history":[{"count":1,"href":"https:\/\/agora.xtec.cat\/cee-jeronimoragas-cerdanyola\/wp-json\/wp\/v2\/posts\/2537\/revisions"}],"predecessor-version":[{"id":2539,"href":"https:\/\/agora.xtec.cat\/cee-jeronimoragas-cerdanyola\/wp-json\/wp\/v2\/posts\/2537\/revisions\/2539"}],"wp:attachment":[{"href":"https:\/\/agora.xtec.cat\/cee-jeronimoragas-cerdanyola\/wp-json\/wp\/v2\/media?parent=2537"}],"wp:term":[{"taxonomy":"category","embeddable":true,"href":"https:\/\/agora.xtec.cat\/cee-jeronimoragas-cerdanyola\/wp-json\/wp\/v2\/categories?post=2537"},{"taxonomy":"post_tag","embeddable":true,"href":"https:\/\/agora.xtec.cat\/cee-jeronimoragas-cerdanyola\/wp-json\/wp\/v2\/tags?post=2537"}],"curies":[{"name":"wp","href":"https:\/\/api.w.org\/{rel}","templated":true}]}}